{"id":31101,"date":"2016-07-05T09:09:42","date_gmt":"2016-07-05T13:09:42","guid":{"rendered":"https:\/\/ocorreionews.com.br\/?p=31101"},"modified":"2016-07-05T09:09:42","modified_gmt":"2016-07-05T13:09:42","slug":"so-cinco-municipios-de-ms-tem-utis-e-68-das-vagas-ficam-na-capital","status":"publish","type":"post","link":"https:\/\/www.ocorreionews.com.br\/acervo-correio\/?p=31101","title":{"rendered":"S\u00f3 cinco munic\u00edpios de MS t\u00eam UTIs e 68% das vagas ficam na Capital"},"content":{"rendered":"<div class=\"bloco_texto_span\">\n<p>Estudo elaborado pelo TCE (Tribunal de Contas do Estado) aponta que a oferta de leitos de UTI (Unidade de Tratamento Intensivo) em Mato Grosso do Sul \u00e9 insuficiente e mal distribu\u00edda. O Estado tem 363 vagas para pacientes em estado grav\u00edssimo, concentradas em cinco dos 79 munic\u00edpios \u2013 Aquidauana, Campo Grande, Corumb\u00e1, Dourados e Tr\u00eas Lagoas.<\/p>\n<p class=\"veja_mais_simples\">A maior parte, 68%, fica na Capital. Deste total, 245 s\u00e3o para pacientes do SUS (Sistema \u00danico de Sa\u00fade).<\/p>\n<p>N\u00e3o \u00e9 \u00e0 toa que, diariamente, Campo Grande recebe in\u00fameros pacientes do interior, que os tr\u00eas principais hospitais p\u00fablicos da cidade \u2013 Santa Casa, HU (Hospital Universit\u00e1rio), e HR (Hospital Regional) \u2013 operam sempre no limite e que UPAs (Unidades de Pronto Atendimento) se tornaram local para a interna\u00e7\u00e3o \u201cimprovisada\u201d de pacientes por mais de 24 horas, quando n\u00e3o deveriam.<\/p>\n<p>Dos 248 leitos de UTI existentes na Capital, 163 \u2013 ou 66% \u2013 s\u00e3o para pacientes do SUS.<\/p>\n<p>O percentual de vagas por habitantes est\u00e1 abaixo do que recomenda a OMS (Organiza\u00e7\u00e3o Mundial da Sa\u00fade), tanto em Mato Grosso do Sul quando em Campo Grande. O ideal seria tr\u00eas leitos para cada 10 mil habitantes, mas na rede p\u00fablica do Estado a propor\u00e7\u00e3o \u00e9 de 0,92 e na Capital, de 1,91.<\/p>\n<\/div>\n<div class=\"imagem\">\n<div class=\"zoom\"><\/div>\n<p><figure style=\"width: 172px\" class=\"wp-caption alignleft\"><a title=\"Idosa de 80 anos ficou em UPA por tr\u00eas dias antes de ser levada para o El Kadri (Foto: Direto das Ruas)\" href=\"http:\/\/cdn1.campograndenews.com.br\/uploads\/tmp\/images\/5190027\/wm-640x480-dc31c1da7bd8010caca0e2ceaed43ff2.jpg\" rel=\"lightbox[galeria]\"><img loading=\"lazy\" decoding=\"async\" title=\"Idosa de 80 anos ficou em UPA por tr\u00eas dias antes de ser levada para o El Kadri (Foto: Direto das Ruas)\" src=\"http:\/\/cdn1.campograndenews.com.br\/uploads\/tmp\/images\/5190027\/300x225-dc31c1da7bd8010caca0e2ceaed43ff2.jpg\" alt=\"Idosa de 80 anos ficou em UPA por tr\u00eas dias antes de ser levada para o El Kadri (Foto: Direto das Ruas)\" width=\"172\" height=\"225\" \/><\/a><figcaption class=\"wp-caption-text\">Idosa de 80 anos ficou em UPA por tr\u00eas dias antes de ser levada para o El Kadri (Foto: Direto das Ruas)<\/figcaption><\/figure><\/div>\n<div class=\"bloco_texto_span\">\n<p><strong>Caos<\/strong> \u2013 O reflexo da falta de leitos \u00e9 sentido nos pronto-socorros e UPAs. Com os CTIs (Centros de Tratamento Intensivo) lotados, todos os dias, hospitais t\u00eam de manter pacientes graves na ala vermelha, que deveria ser usada apenas para estabiliza\u00e7\u00e3o do doente. A partir da\u00ed ocorre efeito cascata: a emerg\u00eancia fica cheia e macas t\u00eam de ser posicionadas nos corredores.<\/p>\n<p>No fim de semana, mais uma vez a falta de vagas em hospitais, principalmente de leitos de UTI, estourou nos postos de sa\u00fade 24 horas. Na tarde de s\u00e1bado (2), a ala vermelha de ao menos tr\u00eas UPAs estavam sobrecarregadas, m\u00e9dicos tiveram de socorrer pacientes da emerg\u00eancia e, por isso, pacientes que chegavam \u00e0s unidades amargavam espera de at\u00e9 cinco horas.<\/p>\n<p>O Campo Grande News tamb\u00e9m relatou o caso de Camile Mendes Godoi, 12, que ficou internada na UPA do Jardim Leblon \u2013 no sudoeste da Capital \u2013 do in\u00edcio da tarde de sexta-feira (1\u00ba) at\u00e9 a noite de s\u00e1bado (2). A suspeita \u00e9 que a crian\u00e7a tenha a gripe A (H1N1).<\/p>\n<p>O irm\u00e3o de Camile, Bruno Hallysson de Moraes Godoi, teve de procurar plant\u00e3o da Defensoria P\u00fablica de Mato Grosso do Sul. No s\u00e1bado \u00e0 noite, um o oficial de Justi\u00e7a determinou a transfer\u00eancia da menina para o CTI do Hospital Regional.<\/p>\n<p>Outro caso retratado pelo site foi de Mariana Fel\u00edcia de Souza, 80, que ficou internada em estado cr\u00edtico por tr\u00eas dias na UPA da Vila Almeida \u2013 oeste da cidade \u2013 \u00e0 espera de uma UTI. Ela morreu na noite de s\u00e1bado no Hospital El Kadri.<\/p>\n<p><strong>\u2018Vaga zero\u2019<\/strong> \u2013 \u201cTem dia que n\u00e3o tem vaga, nem comprando\u201d, afirmou a diretora de Assist\u00eancia em Sa\u00fade da Sesau (Secretaria Municipal de Sa\u00fade P\u00fablica), Rosimeire Arias, ao ser questionada sobre a atual realidade da Capital. A secretaria costuma pagar para internar pacientes em hospitais particulares quando os p\u00fablicos est\u00e3o lotados.<\/p>\n<p>Como parte da solu\u00e7\u00e3o para o problema, ela cita as mudan\u00e7as nas regras para a regula\u00e7\u00e3o de pacientes do interior para a Capital. \u201cDesde s\u00e1bado, toda a regula\u00e7\u00e3o est\u00e1 sendo feita pela central municipal. O pessoal do interior fala com a central estadual, que tem de conversar com a nossa para disponibilizar um leito\u201d.<\/p>\n<p>O objetivo \u00e9 tentar evitar o paciente chamado de \u201cvaga zero\u201d, que \u00e9 enviado de ambul\u00e2ncia para Campo Grande mesmo quando n\u00e3o h\u00e1 leitos dispon\u00edveis.<\/p>\n<p>Em fevereiro, Sebasti\u00e3o Nogueira da Silva, 62, morreu ap\u00f3s ficar oito horas dentro ambul\u00e2ncia no estacionamento do HU. Ele era um paciente \u201cvaga zero\u201d transferido de Costa Rica para a Capital.<\/p>\n<p><strong>Amplia\u00e7\u00e3o<\/strong> \u2013 O secret\u00e1rio de Estado de Sa\u00fade, Nelson Tavares, admite que a situa\u00e7\u00e3o \u00e9 preocupante, mas anuncia que o governo do Estado vai custear as cria\u00e7\u00e3o de mais 30 leitos de UTI no interior para desafogar os hospitais de Campo Grande e outros 20 no HU e no HR da Capital.<\/p>\n<p>Ser\u00e3o abertas dez vagas ainda neste m\u00eas no Hospital Regional de Nova Andradina e outras dez no Hospital da Vida, em Dourados, no pr\u00f3ximo m\u00eas. Neste segundo semestre, o secret\u00e1rio promete mais dez leitos em Ponta Por\u00e3, al\u00e9m das UTIs na Capital.<\/p>\n<p>\u201cO importante \u00e9 melhorar a distribui\u00e7\u00e3o geogr\u00e1fica tamb\u00e9m. Nova Andradina \u00e9 estrategicamente muito importante. Ponta Por\u00e3 tamb\u00e9m. O sul do Estado ficar\u00e1 abastecido\u201d, ressaltou Tavares.<\/p>\n<p>Segundo o secret\u00e1rio, o governo investir\u00e1 R$ 100 mil por m\u00eas na manuten\u00e7\u00e3o dos leitos \u2013 R$ 2 mil mensais para cada vaga.<\/p>\n<p>O estudo do TCE foi publicado no livro &#8220;Indicadores de Sa\u00fade&#8221;, lan\u00e7ado na semana passada.<\/p>\n<\/div>\n<p>&nbsp;<\/p>\n<p>&nbsp;<\/p>\n<p>&nbsp;<\/p>\n<p>Campo Grande News<\/p>\n","protected":false},"excerpt":{"rendered":"<p>Estudo elaborado pelo TCE (Tribunal de Contas do Estado) aponta que a oferta de leitos de UTI (Unidade de Tratamento Intensivo) em Mato Grosso do Sul \u00e9 insuficiente e mal distribu\u00edda. O Estado tem 363 vagas para pacientes em estado grav\u00edssimo, concentradas em cinco dos 79 munic\u00edpios \u2013 Aquidauana, Campo Grande, Corumb\u00e1, Dourados e Tr\u00eas [&hellip;]<\/p>\n","protected":false},"author":4,"featured_media":31102,"comment_status":"closed","ping_status":"closed","sticky":false,"template":"","format":"standard","meta":{"footnotes":""},"categories":[39],"tags":[],"class_list":["post-31101","post","type-post","status-publish","format-standard","has-post-thumbnail","hentry","category-saude"],"_links":{"self":[{"href":"https:\/\/www.ocorreionews.com.br\/acervo-correio\/index.php?rest_route=\/wp\/v2\/posts\/31101","targetHints":{"allow":["GET"]}}],"collection":[{"href":"https:\/\/www.ocorreionews.com.br\/acervo-correio\/index.php?rest_route=\/wp\/v2\/posts"}],"about":[{"href":"https:\/\/www.ocorreionews.com.br\/acervo-correio\/index.php?rest_route=\/wp\/v2\/types\/post"}],"author":[{"embeddable":true,"href":"https:\/\/www.ocorreionews.com.br\/acervo-correio\/index.php?rest_route=\/wp\/v2\/users\/4"}],"replies":[{"embeddable":true,"href":"https:\/\/www.ocorreionews.com.br\/acervo-correio\/index.php?rest_route=%2Fwp%2Fv2%2Fcomments&post=31101"}],"version-history":[{"count":0,"href":"https:\/\/www.ocorreionews.com.br\/acervo-correio\/index.php?rest_route=\/wp\/v2\/posts\/31101\/revisions"}],"wp:featuredmedia":[{"embeddable":true,"href":"https:\/\/www.ocorreionews.com.br\/acervo-correio\/index.php?rest_route=\/wp\/v2\/media\/31102"}],"wp:attachment":[{"href":"https:\/\/www.ocorreionews.com.br\/acervo-correio\/index.php?rest_route=%2Fwp%2Fv2%2Fmedia&parent=31101"}],"wp:term":[{"taxonomy":"category","embeddable":true,"href":"https:\/\/www.ocorreionews.com.br\/acervo-correio\/index.php?rest_route=%2Fwp%2Fv2%2Fcategories&post=31101"},{"taxonomy":"post_tag","embeddable":true,"href":"https:\/\/www.ocorreionews.com.br\/acervo-correio\/index.php?rest_route=%2Fwp%2Fv2%2Ftags&post=31101"}],"curies":[{"name":"wp","href":"https:\/\/api.w.org\/{rel}","templated":true}]}}