{"id":31104,"date":"2016-07-05T11:41:31","date_gmt":"2016-07-05T15:41:31","guid":{"rendered":"https:\/\/ocorreionews.com.br\/?p=31104"},"modified":"2016-07-05T11:41:31","modified_gmt":"2016-07-05T15:41:31","slug":"termo-de-cooperacao-entre-iagro-e-prefeitura-de-figueirao-garante-instalacao-do-primeiro-facil-rural","status":"publish","type":"post","link":"https:\/\/www.ocorreionews.com.br\/acervo-correio\/?p=31104","title":{"rendered":"Termo de coopera\u00e7\u00e3o entre Iagro e Prefeitura de Figueir\u00e3o garante instala\u00e7\u00e3o do primeiro \u2018F\u00e1cil Rural\u2019"},"content":{"rendered":"<p>A segunda edi\u00e7\u00e3o do Simp\u00f3sio da Pecu\u00e1ria Leiteira promovido pela Prefeitura de Figueir\u00e3o na ultima sexta-feira (1) registrou a participa\u00e7\u00e3o de mais de 300 pessoas no Recinto de Leil\u00f5es 3R. O evento contou com apoio do Governo do Estado por meio da Secretaria de Produ\u00e7\u00e3o e Agricultura Familiar (Sepaf), da Ag\u00eancia Estadual de Defesa Sanit\u00e1ria Animal e Vegetal (Iagro) e do Programa Leite Forte. Na ocasi\u00e3o, foi assinado um termo de coopera\u00e7\u00e3o entre prefeitura e Iagro, para futura instala\u00e7\u00e3o de um F\u00e1cil Rural.<\/p>\n<figure id=\"attachment_85949\" class=\"wp-caption aligncenter\" style=\"width: 736px;\"><a href=\"http:\/\/www.noticias.ms.gov.br\/wp-content\/uploads\/sites\/13\/2016\/07\/Kely-venturim.jpg\"><img loading=\"lazy\" decoding=\"async\" class=\"wp-image-85949 \" src=\"http:\/\/www.noticias.ms.gov.br\/wp-content\/uploads\/sites\/13\/2016\/07\/Kely-venturim.jpg\" sizes=\"auto, (max-width: 3216px) 100vw, 3216px\" srcset=\"http:\/\/www.noticias.ms.gov.br\/wp-content\/uploads\/sites\/13\/2016\/07\/Kely-venturim.jpg 3216w, http:\/\/www.noticias.ms.gov.br\/wp-content\/uploads\/sites\/13\/2016\/07\/Kely-venturim-300x199.jpg 300w, http:\/\/www.noticias.ms.gov.br\/wp-content\/uploads\/sites\/13\/2016\/07\/Kely-venturim-768x510.jpg 768w, http:\/\/www.noticias.ms.gov.br\/wp-content\/uploads\/sites\/13\/2016\/07\/Kely-venturim-1024x680.jpg 1024w\" alt=\"????????????????????????????????????\" width=\"726\" height=\"482\" \/><\/a><figcaption class=\"wp-caption-text\">O evento registrou a participa\u00e7\u00e3o de mais de 300 pessoas\/ Foto: divulga\u00e7\u00e3o<\/figcaption><\/figure>\n<p>Os resultados da primeira fase do programa \u2018Produzir Mais\u2019 lan\u00e7ado h\u00e1 um ano pela prefeitura foram apresentados com a exibi\u00e7\u00e3o da evolu\u00e7\u00e3o que ocorreu na propriedade de Valdenir e Cristina Rosa Ferreira. Nos 152 hectares da Fazenda Uni\u00e3o, com investimento de pouco mais de R$ 34 mil reais \u2013 utilizados para compra da ordenha mec\u00e2nica, um resfriador e a reforma do barrac\u00e3o \u2013 foi poss\u00edvel ampliar a produ\u00e7\u00e3o de 25,2 mil litros de leite\/ano, para 54 mil litros de leite\/ano e ainda realizar a insemina\u00e7\u00e3o em 50 bezerras.<\/p>\n<p>Contentes com o resultado o casal fez um agradecimento especial \u00e0 prefeitura e seus parceiros pela oportunidade, participou da programa\u00e7\u00e3o de palestras e ainda atendeu aos colegas produtores que tiveram interesse em saber mais sobre os resultados obtidos com o programa.<strong>\u00a0<\/strong><\/p>\n<p><strong>Segunda fase<\/strong><\/p>\n<p>A segunda fase do programa \u2018Produzir Mais\u2019 foi lan\u00e7ada ao final do evento, ap\u00f3s entrega a cada um dos 16 participantes de um quadro com o mapa de sua propriedade. De acordo com a organiza\u00e7\u00e3o, a nova etapa busca oferecer suporte para melhoramento gen\u00e9tico e de log\u00edstica e ainda servi\u00e7os de patrulha mecanizada aos produtores de Figueir\u00e3o \u2013 respeitando e potencializando as voca\u00e7\u00f5es locais.<\/p>\n<figure id=\"attachment_85951\" class=\"wp-caption aligncenter\" style=\"width: 782px;\"><a href=\"http:\/\/www.noticias.ms.gov.br\/wp-content\/uploads\/sites\/13\/2016\/07\/Kelly-venturim-2.jpg\"><img loading=\"lazy\" decoding=\"async\" class=\" wp-image-85951\" src=\"http:\/\/www.noticias.ms.gov.br\/wp-content\/uploads\/sites\/13\/2016\/07\/Kelly-venturim-2.jpg\" sizes=\"auto, (max-width: 2556px) 100vw, 2556px\" srcset=\"http:\/\/www.noticias.ms.gov.br\/wp-content\/uploads\/sites\/13\/2016\/07\/Kelly-venturim-2.jpg 2556w, http:\/\/www.noticias.ms.gov.br\/wp-content\/uploads\/sites\/13\/2016\/07\/Kelly-venturim-2-300x206.jpg 300w, http:\/\/www.noticias.ms.gov.br\/wp-content\/uploads\/sites\/13\/2016\/07\/Kelly-venturim-2-768x526.jpg 768w, http:\/\/www.noticias.ms.gov.br\/wp-content\/uploads\/sites\/13\/2016\/07\/Kelly-venturim-2-1024x702.jpg 1024w\" alt=\"????????????????????????????????????\" width=\"772\" height=\"529\" \/><\/a><figcaption class=\"wp-caption-text\">Mesa de autoridades do segundo simp\u00f3sio da pecu\u00e1rio leiteira\/ Foto: divulga\u00e7\u00e3o<\/figcaption><\/figure>\n<p>Mais dois programas que fazem parte do pacote de a\u00e7\u00f5es voltadas ao agricultor familiar tamb\u00e9m tiveram seus resultados apresentados no evento. O \u2018Hortifruti Mais\u2019 realizado com parceria do Sebrae, Senar e Sindicato Rural, que se consolidou com atendimento dos \u00f3rg\u00e3os p\u00fablicos a realiza\u00e7\u00e3o da feira semanal, e o \u2018Mais Gen\u00e9tica\u2019 atrav\u00e9s do qual j\u00e1 foram realizados mais de 800 insemina\u00e7\u00f5es gratuitas com s\u00eamen Holand\u00eas e Girolando. Ambos tamb\u00e9m tiveram a segunda fase anunciada pelo prefeito.<\/p>\n<p><strong>Termo de Coopera\u00e7\u00e3o com a Iagro<\/strong><\/p>\n<p>Para implanta\u00e7\u00e3o do Servi\u00e7o de Inspe\u00e7\u00e3o Municipal (SIM), que padroniza e harmoniza os procedimentos de inspe\u00e7\u00e3o de produtos de origem animal e trabalha a sanidade e seguran\u00e7a alimentar, o prefeito Rog\u00e9rio Rosalin assinou com o Diretor Presidente a Ag\u00eancia Estadual de Defesa Sanit\u00e1ria Animal e Vegetal (Iagro), Luciano Chiochetta, um termo de coopera\u00e7\u00e3o que garante orienta\u00e7\u00e3o profissional para os pr\u00f3ximos seis meses.<\/p>\n<p>Dentro das a\u00e7\u00f5es que ser\u00e3o executadas, Rog\u00e9rio anunciou a inaugura\u00e7\u00e3o de um local, que deve reunir diversos servi\u00e7os do Estado, para facilitar a emiss\u00e3o de documentos utilizados pelos produtores e agricultores no munic\u00edpio. \u201cSer\u00e1 uma esp\u00e9cie de \u2018F\u00e1cil\u2019 rural, onde o produtor poder\u00e1 ter acesso a diversos servi\u00e7os oferecidos pelo Estado\u201d, completou.<\/p>\n<p><strong>Totem experimental da Iagro<\/strong><\/p>\n<p>A empresa coreana Hana Latin Am\u00e9rica Importa\u00e7\u00e3o e Exporta\u00e7\u00e3o de Produtos Eletr\u00f4nicos Ltda, que j\u00e1 trabalha com o Governo do Estado h\u00e1 mais de 10 anos no desenvolvimento de solu\u00e7\u00f5es para o setor de sanidade, \u00e9 a respons\u00e1vel pelo trabalho de identifica\u00e7\u00e3o individual de bovinos na fronteira. Ela foi convidada pelo Prefeito Rosalin para discutir a identifica\u00e7\u00e3o naquele munic\u00edpio e aproveitou a oportunidade para apresentar um totem experimental para emiss\u00e3o de guias de tr\u00e2nsito animal (GTA) e da nota fiscal.<\/p>\n<p>O projeto piloto foi detalhado pelo diretor da empresa, Masaharu Shimizu, e pode vir a ser desenvolvido pelo Governo, prefeituras e at\u00e9 mesmo pela iniciativa privada. \u201cTrata-se de um equipamento desenvolvido para trazer facilidade aos pecuaristas\u201d, frisou. Segundo Masaharu, com um cart\u00e3o do produtor, que j\u00e1 \u00e9 expedido gratuitamente, \u00e9 poss\u00edvel imprimir a guia de transito animal e a nota fiscal da transa\u00e7\u00e3o apenas com alguns clicks. Durante a demonstra\u00e7\u00e3o, foi levantada a possibilidade de que outros servi\u00e7os sejam realizados a partir do totem.<\/p>\n<p><strong>Atividade leiteira vista como neg\u00f3cio<\/strong><\/p>\n<p>O Superintendente de Desenvolvimento Rural do Estado, Edwin Baur, destacou a forma empreendedora que a gest\u00e3o do prefeito Rosalin vem conduzindo o trabalho junto os produtores de Figueir\u00e3o e enalteceu a iniciativa de realizar a identifica\u00e7\u00e3o individual nos bovinos, medida que at\u00e9 ent\u00e3o era obrigat\u00f3ria apenas para os munic\u00edpios da regi\u00e3o de fronteira que comp\u00f5e a antiga Zona de Alta Vigil\u00e2ncia (ZAV), por conta da ocorr\u00eancia de aftosa, h\u00e1 10 anos.<\/p>\n<p>Para Edwin, todo e qualquer gestor ou produtor deve enxergar a atividade como um neg\u00f3cio, e a partir dessa vis\u00e3o pensar suas a\u00e7\u00f5es para cinco ou 10 anos adiante, buscando tecnologias e aprimoramento de seus conhecimentos, constantemente.<\/p>\n<p><strong>Iagro, refer\u00eancia no servi\u00e7o de sanidade<\/strong><\/p>\n<p>Chiochetta comentou a satisfa\u00e7\u00e3o em participar do processo de desenvolvimento dos projetos no munic\u00edpio de Figueir\u00e3o. Ele falou do trabalho da empresa Hana na fronteira e no desenvolvimento do totem. Tamb\u00e9m parabenizou tanto a Hana quanto a equipe da ag\u00eancia pela excel\u00eancia no trabalho e que renderam recentemente a libera\u00e7\u00e3o das exporta\u00e7\u00f5es de carne bovina da regi\u00e3o de fronteia para a Uni\u00e3o Europeia e convites para palestras sobre sanidade em todo Pa\u00eds, lembrando uma recente viagem feita ao Estado de Roraima.<\/p>\n<p><strong>Palestras <\/strong><\/p>\n<p>Al\u00e9m das palestras sobre cr\u00e9dito rural, com representantes do Banco do Brasil, os participantes tiveram a oportunidade de discutir o controle da mastite com a M\u00e9dica Veterin\u00e1ria, da empresa Ouro Fino, Bruna Martins; a morfologia do gado de leite com o m\u00e9dico veterin\u00e1rio da ABCZ, Haroldo Henrique Divelasco; os sistemas de produ\u00e7\u00e3o e custos com Lizia Bertanha Correa, da Agroceres Multimix; al\u00e9m de uma descontra\u00edda palestra motivacional com Denis Rodrigues. Ao engenheiro Agr\u00f4nomo da Ag\u00eancia de Desenvolvimento Agr\u00e1rio e Extens\u00e3o Rural (Agraer), Ivan Macena coube apresentar aos participantes alternativas de alimenta\u00e7\u00e3o para o gado leiteiro.<\/p>\n<figure id=\"attachment_85950\" class=\"wp-caption aligncenter\" style=\"width: 764px;\"><a href=\"http:\/\/www.noticias.ms.gov.br\/wp-content\/uploads\/sites\/13\/2016\/07\/Kelly-venturim-1.jpg\"><img loading=\"lazy\" decoding=\"async\" class=\" wp-image-85950\" src=\"http:\/\/www.noticias.ms.gov.br\/wp-content\/uploads\/sites\/13\/2016\/07\/Kelly-venturim-1.jpg\" sizes=\"auto, (max-width: 3062px) 100vw, 3062px\" srcset=\"http:\/\/www.noticias.ms.gov.br\/wp-content\/uploads\/sites\/13\/2016\/07\/Kelly-venturim-1.jpg 3062w, http:\/\/www.noticias.ms.gov.br\/wp-content\/uploads\/sites\/13\/2016\/07\/Kelly-venturim-1-300x189.jpg 300w, http:\/\/www.noticias.ms.gov.br\/wp-content\/uploads\/sites\/13\/2016\/07\/Kelly-venturim-1-768x484.jpg 768w, http:\/\/www.noticias.ms.gov.br\/wp-content\/uploads\/sites\/13\/2016\/07\/Kelly-venturim-1-1024x646.jpg 1024w\" alt=\"????????????????????????????????????\" width=\"754\" height=\"475\" \/><\/a><figcaption class=\"wp-caption-text\"><\/figcaption><\/figure>\n<p>Tamb\u00e9m participaram do evento o Gerente de Desenvolvimento Agr\u00e1rio, Araquem Ibrahim Midon, o secret\u00e1rio de Agricultura de Figueir\u00e3o, Kenede Barbosa de Amorin, o Presidente da C\u00e2mara Municipal, Ant\u00f4nio Nabhan, os coordenadores do Programa Leite Forte, a m\u00e9dica veterin\u00e1ria Ariani Monaly Monteiro e o Zootecnista Orlando Cammy.<\/p>\n<p><em>Texto: Kelly Ventorim, Assessora de comunica\u00e7\u00e3o da Iagro e Sepaf<\/em><\/p>\n","protected":false},"excerpt":{"rendered":"<p>A segunda edi\u00e7\u00e3o do Simp\u00f3sio da Pecu\u00e1ria Leiteira promovido pela Prefeitura de Figueir\u00e3o na ultima sexta-feira (1) registrou a participa\u00e7\u00e3o de mais de 300 pessoas no Recinto de Leil\u00f5es 3R. O evento contou com apoio do Governo do Estado por meio da Secretaria de Produ\u00e7\u00e3o e Agricultura Familiar (Sepaf), da Ag\u00eancia Estadual de Defesa Sanit\u00e1ria [&hellip;]<\/p>\n","protected":false},"author":4,"featured_media":31105,"comment_status":"closed","ping_status":"closed","sticky":false,"template":"","format":"standard","meta":{"footnotes":""},"categories":[30],"tags":[],"class_list":["post-31104","post","type-post","status-publish","format-standard","has-post-thumbnail","hentry","category-figueirao"],"_links":{"self":[{"href":"https:\/\/www.ocorreionews.com.br\/acervo-correio\/index.php?rest_route=\/wp\/v2\/posts\/31104","targetHints":{"allow":["GET"]}}],"collection":[{"href":"https:\/\/www.ocorreionews.com.br\/acervo-correio\/index.php?rest_route=\/wp\/v2\/posts"}],"about":[{"href":"https:\/\/www.ocorreionews.com.br\/acervo-correio\/index.php?rest_route=\/wp\/v2\/types\/post"}],"author":[{"embeddable":true,"href":"https:\/\/www.ocorreionews.com.br\/acervo-correio\/index.php?rest_route=\/wp\/v2\/users\/4"}],"replies":[{"embeddable":true,"href":"https:\/\/www.ocorreionews.com.br\/acervo-correio\/index.php?rest_route=%2Fwp%2Fv2%2Fcomments&post=31104"}],"version-history":[{"count":0,"href":"https:\/\/www.ocorreionews.com.br\/acervo-correio\/index.php?rest_route=\/wp\/v2\/posts\/31104\/revisions"}],"wp:featuredmedia":[{"embeddable":true,"href":"https:\/\/www.ocorreionews.com.br\/acervo-correio\/index.php?rest_route=\/wp\/v2\/media\/31105"}],"wp:attachment":[{"href":"https:\/\/www.ocorreionews.com.br\/acervo-correio\/index.php?rest_route=%2Fwp%2Fv2%2Fmedia&parent=31104"}],"wp:term":[{"taxonomy":"category","embeddable":true,"href":"https:\/\/www.ocorreionews.com.br\/acervo-correio\/index.php?rest_route=%2Fwp%2Fv2%2Fcategories&post=31104"},{"taxonomy":"post_tag","embeddable":true,"href":"https:\/\/www.ocorreionews.com.br\/acervo-correio\/index.php?rest_route=%2Fwp%2Fv2%2Ftags&post=31104"}],"curies":[{"name":"wp","href":"https:\/\/api.w.org\/{rel}","templated":true}]}}