{"id":31114,"date":"2016-07-05T13:25:16","date_gmt":"2016-07-05T17:25:16","guid":{"rendered":"https:\/\/ocorreionews.com.br\/?p=31114"},"modified":"2016-07-05T13:25:16","modified_gmt":"2016-07-05T17:25:16","slug":"conselho-municipal-dos-direitos-da-crianca-do-adolescente-divulga-edital-de-chamamento-publico-para-apresentacao-de-projetos","status":"publish","type":"post","link":"https:\/\/www.ocorreionews.com.br\/acervo-correio\/?p=31114","title":{"rendered":"Conselho Municipal dos Direitos da Crian\u00e7a do Adolescente divulga Edital de Chamamento P\u00fablico para apresenta\u00e7\u00e3o de projetos"},"content":{"rendered":"<p style=\"text-align: justify;\">A Secretaria de Assist\u00eancia Social de Costa Rica por meio do CMDCA &#8211; Conselho Municipal dos Direitos da Crian\u00e7a e do Adolescente &#8211; comunica que est\u00e1 dispon\u00edvel no Di\u00e1rio Oficial, o edital de Chamamento P\u00fablico para que entidades e organiza\u00e7\u00f5es possam apresentar projetos na \u00e1rea de atendimento dos direitos humanos de crian\u00e7as e adolescentes.<\/p>\n<p style=\"text-align: justify;\">De acordo com o presidente do CMDCA, Jonatan Lima Sakamoto, poder\u00e3o apresentar projetos as entidades e organiza\u00e7\u00f5es do Munic\u00edpio sem fins lucrativos que possuem inscri\u00e7\u00e3o ativa no conselho e que atenda crian\u00e7as e adolescentes com idade de 0 a 18 anos incompletos.<\/p>\n<p style=\"text-align: justify;\">\u201cAs propostas apresentadas dever\u00e3o priorizar a\u00e7\u00f5es que promovam atendimento nas \u00e1reas de assist\u00eancia social, sa\u00fade, educa\u00e7\u00e3o, cultura, ci\u00eancias e tecnologias e priorizem p\u00fablicos socialmente vulner\u00e1veis em situa\u00e7\u00e3o de risco ou submetidos \u00e0 viol\u00eancia ou viola\u00e7\u00f5es de direitos\u201d, explica Jonatan Sakamoto que complementa \u201cos projetos poder\u00e3o ser financiados com recursos subsidiados do Fundo Municipal dos Direitos da Crian\u00e7a e do Adolescente em parceria com a Funda\u00e7\u00e3o Ita\u00fa Social\u201d.<\/p>\n<p style=\"text-align: justify;\">As orienta\u00e7\u00f5es e os procedimentos de inscri\u00e7\u00e3o est\u00e3o dispon\u00edveis na Resolu\u00e7\u00e3o 07\/2016, aprovada em 01 de julho e publicada na Edi\u00e7\u00e3o N\u00ba 1.705\/Ano XI, do DIOCRI- Di\u00e1rio Oficial de Costa Rica, na P\u00e1gina 02,\u00a0<a href=\"http:\/\/costarica.ms.gov.br\/up\/DiarioOficial\/2016_07_04\/DiarioOficial-1467646185_21777.pdf\" target=\"_blank\"><strong>Clique Aqui e confira na \u00edntegra<\/strong><\/a>.<\/p>\n<p style=\"text-align: justify;\">As inscri\u00e7\u00f5es podem ser feitas no per\u00edodo de 04 a 14 de julho de 2016 das 7h \u00e0s 11h e das 13h \u00e0s 17h na sede da Secretaria Municipal de Assist\u00eancia Social localizada na Rua Ambrosina Paes Coelho, N\u00ba 272, no Centro de Costa Rica.\u00a0<strong>Clique em Download<\/strong>\u00a0e veja o modelo dos documentos necess\u00e1rios para a inscri\u00e7\u00e3o.<\/p>\n<p style=\"text-align: justify;\"><span style=\"color: #595640; font-family: Helvetica,Arial,Verdana,Geneva,sans-serif;\">Produ\u00e7\u00e3o: Willian Vicente &#8211; ASSECOM\/PMCR<\/span><\/p>\n","protected":false},"excerpt":{"rendered":"<p>A Secretaria de Assist\u00eancia Social de Costa Rica por meio do CMDCA &#8211; Conselho Municipal dos Direitos da Crian\u00e7a e do Adolescente &#8211; comunica que est\u00e1 dispon\u00edvel no Di\u00e1rio Oficial, o edital de Chamamento P\u00fablico para que entidades e organiza\u00e7\u00f5es possam apresentar projetos na \u00e1rea de atendimento dos direitos humanos de crian\u00e7as e adolescentes. De [&hellip;]<\/p>\n","protected":false},"author":4,"featured_media":24815,"comment_status":"closed","ping_status":"closed","sticky":false,"template":"","format":"standard","meta":{"footnotes":""},"categories":[25],"tags":[],"class_list":["post-31114","post","type-post","status-publish","format-standard","has-post-thumbnail","hentry","category-costa-rica"],"_links":{"self":[{"href":"https:\/\/www.ocorreionews.com.br\/acervo-correio\/index.php?rest_route=\/wp\/v2\/posts\/31114","targetHints":{"allow":["GET"]}}],"collection":[{"href":"https:\/\/www.ocorreionews.com.br\/acervo-correio\/index.php?rest_route=\/wp\/v2\/posts"}],"about":[{"href":"https:\/\/www.ocorreionews.com.br\/acervo-correio\/index.php?rest_route=\/wp\/v2\/types\/post"}],"author":[{"embeddable":true,"href":"https:\/\/www.ocorreionews.com.br\/acervo-correio\/index.php?rest_route=\/wp\/v2\/users\/4"}],"replies":[{"embeddable":true,"href":"https:\/\/www.ocorreionews.com.br\/acervo-correio\/index.php?rest_route=%2Fwp%2Fv2%2Fcomments&post=31114"}],"version-history":[{"count":0,"href":"https:\/\/www.ocorreionews.com.br\/acervo-correio\/index.php?rest_route=\/wp\/v2\/posts\/31114\/revisions"}],"wp:featuredmedia":[{"embeddable":true,"href":"https:\/\/www.ocorreionews.com.br\/acervo-correio\/index.php?rest_route=\/wp\/v2\/media\/24815"}],"wp:attachment":[{"href":"https:\/\/www.ocorreionews.com.br\/acervo-correio\/index.php?rest_route=%2Fwp%2Fv2%2Fmedia&parent=31114"}],"wp:term":[{"taxonomy":"category","embeddable":true,"href":"https:\/\/www.ocorreionews.com.br\/acervo-correio\/index.php?rest_route=%2Fwp%2Fv2%2Fcategories&post=31114"},{"taxonomy":"post_tag","embeddable":true,"href":"https:\/\/www.ocorreionews.com.br\/acervo-correio\/index.php?rest_route=%2Fwp%2Fv2%2Ftags&post=31114"}],"curies":[{"name":"wp","href":"https:\/\/api.w.org\/{rel}","templated":true}]}}