{"id":31174,"date":"2016-07-06T07:08:52","date_gmt":"2016-07-06T11:08:52","guid":{"rendered":"https:\/\/ocorreionews.com.br\/?p=31174"},"modified":"2016-07-06T07:08:52","modified_gmt":"2016-07-06T11:08:52","slug":"palestra-sobre-violencia-domestica-no-cras-de-figueirao","status":"publish","type":"post","link":"https:\/\/www.ocorreionews.com.br\/acervo-correio\/?p=31174","title":{"rendered":"Palestra sobre Viol\u00eancia Dom\u00e9stica no Cras de Figueir\u00e3o"},"content":{"rendered":"<p>Aconteceu na tarde de 05 de julho, no Cras de Figueir\u00e3o, palestra sobre Viol\u00eancia Dom\u00e9stica, proferida pelo Escriv\u00e3o da Pol\u00edcia Civil de Camapu\u00e3, H\u00e9lio Pereira de Deus.<\/p>\n<p>A palestra, direcionada para as pessoas cadastradas nos programas sociais do Cras, notadamente do Bolsa Fam\u00edlia, abordou alguns aspectos de viol\u00eancia dom\u00e9stica e enfatizou a diferen\u00e7a entre viol\u00eancia dom\u00e9stica e conflito familiar.<\/p>\n<p>Tamb\u00e9m foi explicada a diferen\u00e7a ente as atua\u00e7\u00f5es da Pol\u00edcia Militar e da Pol\u00edcia Civil, que t\u00eam atribui\u00e7\u00f5es e fun\u00e7\u00f5es diferentes, para proteger a sociedade.<\/p>\n<p>Registrada a presen\u00e7a do secret\u00e1rio municipal de Assist\u00eancia Social, Ricardo Jos\u00e9 de Lima, Assistente Social do Cras, Olegna Andreia da Silva, vereador de Camapu\u00e3, Dr. Juarez Pereira, de funcion\u00e1rios p\u00fablicos e de cerca de 60 pessoas de fam\u00edlias cadastradas nos programas sociais do Cras.<\/p>\n<p>O palestrante, Escriv\u00e3o H\u00e9lio Pereira de Deus, \u00e9 licenciado em Letras e tem cursos de treinamento sobre Viol\u00eancia Dom\u00e9stica e Lei Maria da Penha, pela rede LFG. Atualmente \u00e9 acad\u00eamico de Direito do 8\u00ba semestre. Dedica-se quase que exclusivamente a proferir palestras sobre os direitos das mulheres, nos casos de viol\u00eancia dom\u00e9stica e conflitos familiares.<\/p>\n<p>&nbsp;<\/p>\n<p>Assecom-\u00a0 Rubem Vasconcellos<\/p>\n","protected":false},"excerpt":{"rendered":"<p>Aconteceu na tarde de 05 de julho, no Cras de Figueir\u00e3o, palestra sobre Viol\u00eancia Dom\u00e9stica, proferida pelo Escriv\u00e3o da Pol\u00edcia Civil de Camapu\u00e3, H\u00e9lio Pereira de Deus. A palestra, direcionada para as pessoas cadastradas nos programas sociais do Cras, notadamente do Bolsa Fam\u00edlia, abordou alguns aspectos de viol\u00eancia dom\u00e9stica e enfatizou a diferen\u00e7a entre viol\u00eancia [&hellip;]<\/p>\n","protected":false},"author":4,"featured_media":31175,"comment_status":"closed","ping_status":"closed","sticky":false,"template":"","format":"standard","meta":{"footnotes":""},"categories":[30],"tags":[],"class_list":["post-31174","post","type-post","status-publish","format-standard","has-post-thumbnail","hentry","category-figueirao"],"_links":{"self":[{"href":"https:\/\/www.ocorreionews.com.br\/acervo-correio\/index.php?rest_route=\/wp\/v2\/posts\/31174","targetHints":{"allow":["GET"]}}],"collection":[{"href":"https:\/\/www.ocorreionews.com.br\/acervo-correio\/index.php?rest_route=\/wp\/v2\/posts"}],"about":[{"href":"https:\/\/www.ocorreionews.com.br\/acervo-correio\/index.php?rest_route=\/wp\/v2\/types\/post"}],"author":[{"embeddable":true,"href":"https:\/\/www.ocorreionews.com.br\/acervo-correio\/index.php?rest_route=\/wp\/v2\/users\/4"}],"replies":[{"embeddable":true,"href":"https:\/\/www.ocorreionews.com.br\/acervo-correio\/index.php?rest_route=%2Fwp%2Fv2%2Fcomments&post=31174"}],"version-history":[{"count":0,"href":"https:\/\/www.ocorreionews.com.br\/acervo-correio\/index.php?rest_route=\/wp\/v2\/posts\/31174\/revisions"}],"wp:featuredmedia":[{"embeddable":true,"href":"https:\/\/www.ocorreionews.com.br\/acervo-correio\/index.php?rest_route=\/wp\/v2\/media\/31175"}],"wp:attachment":[{"href":"https:\/\/www.ocorreionews.com.br\/acervo-correio\/index.php?rest_route=%2Fwp%2Fv2%2Fmedia&parent=31174"}],"wp:term":[{"taxonomy":"category","embeddable":true,"href":"https:\/\/www.ocorreionews.com.br\/acervo-correio\/index.php?rest_route=%2Fwp%2Fv2%2Fcategories&post=31174"},{"taxonomy":"post_tag","embeddable":true,"href":"https:\/\/www.ocorreionews.com.br\/acervo-correio\/index.php?rest_route=%2Fwp%2Fv2%2Ftags&post=31174"}],"curies":[{"name":"wp","href":"https:\/\/api.w.org\/{rel}","templated":true}]}}