{"id":31177,"date":"2016-07-06T07:16:21","date_gmt":"2016-07-06T11:16:21","guid":{"rendered":"https:\/\/ocorreionews.com.br\/?p=31177"},"modified":"2016-07-06T08:49:18","modified_gmt":"2016-07-06T12:49:18","slug":"pecuarista-morre-atropelado-pela-propria-caminhonete-no-interior-de-ms","status":"publish","type":"post","link":"https:\/\/www.ocorreionews.com.br\/acervo-correio\/?p=31177","title":{"rendered":"Fazendeiro morre esmagado por caminhonete que dirigia"},"content":{"rendered":"<p>O fazendeiro Oz\u00edlo Pedro Perin, 74 anos, morreu esmagado pela caminhonete que dirigia, ontem (5), em estrada de acesso \u00e0 propriedade rural que era dono, no munic\u00edpio de Iguatemi.<\/p>\n<p>Conforme registro policial, por volta das 16h, a v\u00edtima chegou na frente da fazenda em\u00a0caminhonete F1000, do ano 1989, desceu e a deixou ligada, sem marcha engatada \u2013 posi\u00e7\u00e3o conhecida como\u00a0ponto morto. Caminhou para abrir a porteira, mas a F1000 desceu\u00a0e esmagou Oz\u00edlo, que estava de costas, contra o port\u00e3o armado de ferro.<\/p>\n<p>Amigo da v\u00edtima que falou com policiais contou que o fazendeiro tinha o h\u00e1bito de parar na frente da porteira e deixar a caminhonete em ponto morto, mas sempre parava atr\u00e1s de morrinho de terra que servia como barreira para o ve\u00edculo n\u00e3o descer. A suspeita \u00e9 que ontem ele tenha parado depois dessa\u00a0esp\u00e9cie de lombada.<\/p>\n<p>Vizinha de Oz\u00edlio foi que percebeu o acidente e pediu ajuda, mas ele n\u00e3o resistiu e morreu ainda no local. A pol\u00edcia n\u00e3o descreveu em ocorr\u00eancia policial se o freio de m\u00e3o da caminhonete funcionava.<\/p>\n<p>&nbsp;<\/p>\n<p>&nbsp;<\/p>\n<p>&nbsp;<\/p>\n<p>Correio do Estado<\/p>\n","protected":false},"excerpt":{"rendered":"<p>O fazendeiro Oz\u00edlo Pedro Perin, 74 anos, morreu esmagado pela caminhonete que dirigia, ontem (5), em estrada de acesso \u00e0 propriedade rural que era dono, no munic\u00edpio de Iguatemi. Conforme registro policial, por volta das 16h, a v\u00edtima chegou na frente da fazenda em\u00a0caminhonete F1000, do ano 1989, desceu e a deixou ligada, sem marcha [&hellip;]<\/p>\n","protected":false},"author":4,"featured_media":31178,"comment_status":"closed","ping_status":"closed","sticky":false,"template":"","format":"standard","meta":{"footnotes":""},"categories":[38],"tags":[],"class_list":["post-31177","post","type-post","status-publish","format-standard","has-post-thumbnail","hentry","category-policia"],"_links":{"self":[{"href":"https:\/\/www.ocorreionews.com.br\/acervo-correio\/index.php?rest_route=\/wp\/v2\/posts\/31177","targetHints":{"allow":["GET"]}}],"collection":[{"href":"https:\/\/www.ocorreionews.com.br\/acervo-correio\/index.php?rest_route=\/wp\/v2\/posts"}],"about":[{"href":"https:\/\/www.ocorreionews.com.br\/acervo-correio\/index.php?rest_route=\/wp\/v2\/types\/post"}],"author":[{"embeddable":true,"href":"https:\/\/www.ocorreionews.com.br\/acervo-correio\/index.php?rest_route=\/wp\/v2\/users\/4"}],"replies":[{"embeddable":true,"href":"https:\/\/www.ocorreionews.com.br\/acervo-correio\/index.php?rest_route=%2Fwp%2Fv2%2Fcomments&post=31177"}],"version-history":[{"count":0,"href":"https:\/\/www.ocorreionews.com.br\/acervo-correio\/index.php?rest_route=\/wp\/v2\/posts\/31177\/revisions"}],"wp:featuredmedia":[{"embeddable":true,"href":"https:\/\/www.ocorreionews.com.br\/acervo-correio\/index.php?rest_route=\/wp\/v2\/media\/31178"}],"wp:attachment":[{"href":"https:\/\/www.ocorreionews.com.br\/acervo-correio\/index.php?rest_route=%2Fwp%2Fv2%2Fmedia&parent=31177"}],"wp:term":[{"taxonomy":"category","embeddable":true,"href":"https:\/\/www.ocorreionews.com.br\/acervo-correio\/index.php?rest_route=%2Fwp%2Fv2%2Fcategories&post=31177"},{"taxonomy":"post_tag","embeddable":true,"href":"https:\/\/www.ocorreionews.com.br\/acervo-correio\/index.php?rest_route=%2Fwp%2Fv2%2Ftags&post=31177"}],"curies":[{"name":"wp","href":"https:\/\/api.w.org\/{rel}","templated":true}]}}