{"id":31214,"date":"2016-07-07T08:06:52","date_gmt":"2016-07-07T12:06:52","guid":{"rendered":"https:\/\/ocorreionews.com.br\/?p=31214"},"modified":"2016-07-07T08:26:33","modified_gmt":"2016-07-07T12:26:33","slug":"pv-fecha-apoio-ao-pre-candidato-joao-carlos-krug","status":"publish","type":"post","link":"https:\/\/www.ocorreionews.com.br\/acervo-correio\/?p=31214","title":{"rendered":"PV fecha apoio ao pr\u00e9-candidato Jo\u00e3o Carlos Krug"},"content":{"rendered":"<p>Na noite desta quarta-feira, o pr\u00e9-candidato a prefeito de Chapad\u00e3o do Sul, Jo\u00e3o Calos Krug (PSDB), recebeu o apoio do partido do PV a sua candidatura.<\/p>\n<p>A reuni\u00e3o ocorreu na resid\u00eancia do pr\u00e9-candidato, com as lideran\u00e7as do diret\u00f3rio do PV e o acordo foi oficializado.<\/p>\n<p>O PV tem dois pr\u00e9-candidatos a vereadores, Ronei Garcia e Geovane \u00a0 Gemelli.<\/p>\n<p>As coliga\u00e7\u00f5es continuam de forma intensa em Chapad\u00e3o do Sul.<\/p>\n","protected":false},"excerpt":{"rendered":"<p>Na noite desta quarta-feira, o pr\u00e9-candidato a prefeito de Chapad\u00e3o do Sul, Jo\u00e3o Calos Krug (PSDB), recebeu o apoio do partido do PV a sua candidatura. A reuni\u00e3o ocorreu na resid\u00eancia do pr\u00e9-candidato, com as lideran\u00e7as do diret\u00f3rio do PV e o acordo foi oficializado. O PV tem dois pr\u00e9-candidatos a vereadores, Ronei Garcia e [&hellip;]<\/p>\n","protected":false},"author":4,"featured_media":31215,"comment_status":"closed","ping_status":"closed","sticky":false,"template":"","format":"standard","meta":{"footnotes":""},"categories":[23],"tags":[],"class_list":["post-31214","post","type-post","status-publish","format-standard","has-post-thumbnail","hentry","category-chapadao-do-sul"],"_links":{"self":[{"href":"https:\/\/www.ocorreionews.com.br\/acervo-correio\/index.php?rest_route=\/wp\/v2\/posts\/31214","targetHints":{"allow":["GET"]}}],"collection":[{"href":"https:\/\/www.ocorreionews.com.br\/acervo-correio\/index.php?rest_route=\/wp\/v2\/posts"}],"about":[{"href":"https:\/\/www.ocorreionews.com.br\/acervo-correio\/index.php?rest_route=\/wp\/v2\/types\/post"}],"author":[{"embeddable":true,"href":"https:\/\/www.ocorreionews.com.br\/acervo-correio\/index.php?rest_route=\/wp\/v2\/users\/4"}],"replies":[{"embeddable":true,"href":"https:\/\/www.ocorreionews.com.br\/acervo-correio\/index.php?rest_route=%2Fwp%2Fv2%2Fcomments&post=31214"}],"version-history":[{"count":0,"href":"https:\/\/www.ocorreionews.com.br\/acervo-correio\/index.php?rest_route=\/wp\/v2\/posts\/31214\/revisions"}],"wp:featuredmedia":[{"embeddable":true,"href":"https:\/\/www.ocorreionews.com.br\/acervo-correio\/index.php?rest_route=\/wp\/v2\/media\/31215"}],"wp:attachment":[{"href":"https:\/\/www.ocorreionews.com.br\/acervo-correio\/index.php?rest_route=%2Fwp%2Fv2%2Fmedia&parent=31214"}],"wp:term":[{"taxonomy":"category","embeddable":true,"href":"https:\/\/www.ocorreionews.com.br\/acervo-correio\/index.php?rest_route=%2Fwp%2Fv2%2Fcategories&post=31214"},{"taxonomy":"post_tag","embeddable":true,"href":"https:\/\/www.ocorreionews.com.br\/acervo-correio\/index.php?rest_route=%2Fwp%2Fv2%2Ftags&post=31214"}],"curies":[{"name":"wp","href":"https:\/\/api.w.org\/{rel}","templated":true}]}}