{"id":31255,"date":"2016-07-07T14:25:04","date_gmt":"2016-07-07T18:25:04","guid":{"rendered":"https:\/\/ocorreionews.com.br\/?p=31255"},"modified":"2016-07-07T14:25:59","modified_gmt":"2016-07-07T18:25:59","slug":"com-grandes-atracoes-costa-rica-e-regiao-recebem-2o-encontro-de-motociclistas-neste-final-de-semana","status":"publish","type":"post","link":"https:\/\/www.ocorreionews.com.br\/acervo-correio\/?p=31255","title":{"rendered":"Com grandes atra\u00e7\u00f5es, Costa Rica e regi\u00e3o recebem 2\u00ba Encontro de Motociclistas neste final de semana"},"content":{"rendered":"<p style=\"text-align: justify;\">Neste fim semana, nos dias 8 e 9 de julho, os costarriquenses e regi\u00e3o j\u00e1 t\u00eam programa\u00e7\u00e3o eletrizante durante o 2\u00ba Encontro de Motociclistas de Costa Rica com grandes atra\u00e7\u00f5es de bandas, desfile de motos e apresenta\u00e7\u00f5es de Willy \u2014 acrobacias radicais com motos de altas cilindradas \u2014 no centro de eventos Ramez Tebet.<\/p>\n<p style=\"text-align: justify;\">O evento \u00e9 organizado pelo Moto Clube Sucuriu de Costa Rica, atrav\u00e9s do presidente Everaldo Santos, onde reunir\u00e1 mais de 50 Motoclubes dos seguintes estados:\u00a0de Mato Grosso do Sul, S\u00e3o Paulo, Rio de Janeiro, Mato Grosso, Goi\u00e1s e Minas Gerais.<\/p>\n<p style=\"text-align: justify;\">A partir das 17h desta sexta-feira (8) o encontro estar\u00e1 oficialmente aberto para o p\u00fablico, com entrada gratuita durante todo o evento. \u201cHaver\u00e1 sorteios de brindes e entrega de premia\u00e7\u00e3o para os motoclubes, shows, desfile dos motociclistas, vendas de produtos e acess\u00f3rios, pra\u00e7a de alimenta\u00e7\u00e3o e bar. Tamb\u00e9m ter\u00e1 \u00e1rea para capping \u00a0e exposi\u00e7\u00e3o de carros antigos\u201d, descreveu Everaldo.<\/p>\n<p style=\"text-align: justify;\">Ser\u00e1 permitida a entrada no centro de eventos apenas de motos de alta cilindrada (acima de 250 cilindradas),\u00a0rel\u00edquias e motos ex\u00f3ticas. No s\u00e1bado ter\u00e1 apresenta\u00e7\u00e3o de willy da Equipe Brothers de Rio Verde de Mato Grosso.<\/p>\n<p style=\"text-align: justify;\"><strong>Programa\u00e7\u00e3o<\/strong><\/p>\n<p style=\"text-align: justify;\">Sexta-feira (8) \u2013 Abertura do evento por volta das 17h, \u00e0 noite show das bandas Desconcidera Som e Rock n\u2019 Dois +1, al\u00e9m de muita anima\u00e7\u00e3o com os motoclubes.<\/p>\n<p style=\"text-align: justify;\">S\u00e1bado (9) \u2013 Ter\u00e1 programa\u00e7\u00e3o durante todo o dia. Por volta das 10h30 ter\u00e1 o desfile das motocicletas, iniciando pelo centro de evento Ramez Tebet percorrendo toda avenida. No almo\u00e7o, ser\u00e1 servida galinhada no valor de R$ 25, ap\u00f3s ter\u00e1 apresenta\u00e7\u00e3o de moto willy da Equipe Brothers. \u00c0 noite ter\u00e1 show da banda Desconcidera Som, Projeto UP, Roberto Seixas e Rock n\u2019 Dois +1, com cl\u00e1ssicos do rock.<\/p>\n<p style=\"text-align: justify;\">mstododia<\/p>\n","protected":false},"excerpt":{"rendered":"<p>Neste fim semana, nos dias 8 e 9 de julho, os costarriquenses e regi\u00e3o j\u00e1 t\u00eam programa\u00e7\u00e3o eletrizante durante o 2\u00ba Encontro de Motociclistas de Costa Rica com grandes atra\u00e7\u00f5es de bandas, desfile de motos e apresenta\u00e7\u00f5es de Willy \u2014 acrobacias radicais com motos de altas cilindradas \u2014 no centro de eventos Ramez Tebet. O [&hellip;]<\/p>\n","protected":false},"author":4,"featured_media":31257,"comment_status":"closed","ping_status":"closed","sticky":false,"template":"","format":"standard","meta":{"footnotes":""},"categories":[25],"tags":[],"class_list":["post-31255","post","type-post","status-publish","format-standard","has-post-thumbnail","hentry","category-costa-rica"],"_links":{"self":[{"href":"https:\/\/www.ocorreionews.com.br\/acervo-correio\/index.php?rest_route=\/wp\/v2\/posts\/31255","targetHints":{"allow":["GET"]}}],"collection":[{"href":"https:\/\/www.ocorreionews.com.br\/acervo-correio\/index.php?rest_route=\/wp\/v2\/posts"}],"about":[{"href":"https:\/\/www.ocorreionews.com.br\/acervo-correio\/index.php?rest_route=\/wp\/v2\/types\/post"}],"author":[{"embeddable":true,"href":"https:\/\/www.ocorreionews.com.br\/acervo-correio\/index.php?rest_route=\/wp\/v2\/users\/4"}],"replies":[{"embeddable":true,"href":"https:\/\/www.ocorreionews.com.br\/acervo-correio\/index.php?rest_route=%2Fwp%2Fv2%2Fcomments&post=31255"}],"version-history":[{"count":0,"href":"https:\/\/www.ocorreionews.com.br\/acervo-correio\/index.php?rest_route=\/wp\/v2\/posts\/31255\/revisions"}],"wp:featuredmedia":[{"embeddable":true,"href":"https:\/\/www.ocorreionews.com.br\/acervo-correio\/index.php?rest_route=\/wp\/v2\/media\/31257"}],"wp:attachment":[{"href":"https:\/\/www.ocorreionews.com.br\/acervo-correio\/index.php?rest_route=%2Fwp%2Fv2%2Fmedia&parent=31255"}],"wp:term":[{"taxonomy":"category","embeddable":true,"href":"https:\/\/www.ocorreionews.com.br\/acervo-correio\/index.php?rest_route=%2Fwp%2Fv2%2Fcategories&post=31255"},{"taxonomy":"post_tag","embeddable":true,"href":"https:\/\/www.ocorreionews.com.br\/acervo-correio\/index.php?rest_route=%2Fwp%2Fv2%2Ftags&post=31255"}],"curies":[{"name":"wp","href":"https:\/\/api.w.org\/{rel}","templated":true}]}}