{"id":31256,"date":"2016-07-07T14:33:06","date_gmt":"2016-07-07T18:33:06","guid":{"rendered":"https:\/\/ocorreionews.com.br\/?p=31256"},"modified":"2016-07-07T14:33:06","modified_gmt":"2016-07-07T18:33:06","slug":"ms-deve-ter-uma-retracao-de-249-na-producao-da-safrinha-diz-conab","status":"publish","type":"post","link":"https:\/\/www.ocorreionews.com.br\/acervo-correio\/?p=31256","title":{"rendered":"MS deve ter uma retra\u00e7\u00e3o de 24,9% na produ\u00e7\u00e3o da safrinha, diz Conab"},"content":{"rendered":"<p>Mato Grosso do Sul deve registrar na safrinha de milho deste ano uma retra\u00e7\u00e3o de 24,9% no volume produzido em rela\u00e7\u00e3o a do ano passado. Segundo o levantamento mensal de acompanhamento da safra, divulgado nesta quinta-feira (7), pela Companhia Nacional de Abastecimento (Conab), a produ\u00e7\u00e3o deve cair de 9,108 milh\u00f5es de toneladas para 6,843 milh\u00f5es de toneladas.<\/p>\n<p>Segundo a Conab, as varia\u00e7\u00f5es clim\u00e1ticas provocaram a redu\u00e7\u00e3o na proje\u00e7\u00e3o de produ\u00e7\u00e3o. Entre os principais problemas estiveram a estiagem e as altas temperaturas registradas em abril, o que atingiu as lavouras em fases cr\u00edticas de desenvolvimento.<\/p>\n<div class=\"saibamais componente_materia\">\u201cJ\u00e1 s\u00e3o observadas em diversas \u00e1reas, e de modo frequente, lavouras com plantas mal desenvolvidas e de menor porte, com espigas menores e mal granadas, indicativas reais das quebras de produtividade relatadas em praticamente todos os munic\u00edpios levantados\u201d, destacam os t\u00e9cnicos da Conab no levantamento.<\/div>\n<p>Eles tamb\u00e9m destacam que a situa\u00e7\u00e3o foi agravada pelas quedas de temperatura registradas no m\u00eas passado. \u201cEm meados de junho foram registrados baixas temperaturas em toda regi\u00e3o central e sul do estado, o que agrava o quadro de perdas j\u00e1 instalado, uma vez que afeta muitas \u00e1reas em plena fase de grana\u00e7\u00e3o\u201d, ressaltam em outro trecho da publica\u00e7\u00e3o.<\/p>\n<p>O levantamento destaca tamb\u00e9m que na segunda quinzena de julho come\u00e7ou a colheita da safrinha, mas aponta que a alta umidade nos gr\u00e3os j\u00e1 colhidos, acima de 26%, justifica o baixo percentual de \u00e1reas em que o trabalho j\u00e1 foi conclu\u00eddo, apenas 4%, na \u00e9poca do levantamento das informa\u00e7\u00f5es.<\/p>\n<p>&nbsp;<\/p>\n<p>&nbsp;<\/p>\n<p>&nbsp;<\/p>\n<p>G1 MS<\/p>\n","protected":false},"excerpt":{"rendered":"<p>Mato Grosso do Sul deve registrar na safrinha de milho deste ano uma retra\u00e7\u00e3o de 24,9% no volume produzido em rela\u00e7\u00e3o a do ano passado. Segundo o levantamento mensal de acompanhamento da safra, divulgado nesta quinta-feira (7), pela Companhia Nacional de Abastecimento (Conab), a produ\u00e7\u00e3o deve cair de 9,108 milh\u00f5es de toneladas para 6,843 milh\u00f5es [&hellip;]<\/p>\n","protected":false},"author":4,"featured_media":31262,"comment_status":"closed","ping_status":"closed","sticky":false,"template":"","format":"standard","meta":{"footnotes":""},"categories":[17],"tags":[],"class_list":["post-31256","post","type-post","status-publish","format-standard","has-post-thumbnail","hentry","category-agropecuaria"],"_links":{"self":[{"href":"https:\/\/www.ocorreionews.com.br\/acervo-correio\/index.php?rest_route=\/wp\/v2\/posts\/31256","targetHints":{"allow":["GET"]}}],"collection":[{"href":"https:\/\/www.ocorreionews.com.br\/acervo-correio\/index.php?rest_route=\/wp\/v2\/posts"}],"about":[{"href":"https:\/\/www.ocorreionews.com.br\/acervo-correio\/index.php?rest_route=\/wp\/v2\/types\/post"}],"author":[{"embeddable":true,"href":"https:\/\/www.ocorreionews.com.br\/acervo-correio\/index.php?rest_route=\/wp\/v2\/users\/4"}],"replies":[{"embeddable":true,"href":"https:\/\/www.ocorreionews.com.br\/acervo-correio\/index.php?rest_route=%2Fwp%2Fv2%2Fcomments&post=31256"}],"version-history":[{"count":0,"href":"https:\/\/www.ocorreionews.com.br\/acervo-correio\/index.php?rest_route=\/wp\/v2\/posts\/31256\/revisions"}],"wp:featuredmedia":[{"embeddable":true,"href":"https:\/\/www.ocorreionews.com.br\/acervo-correio\/index.php?rest_route=\/wp\/v2\/media\/31262"}],"wp:attachment":[{"href":"https:\/\/www.ocorreionews.com.br\/acervo-correio\/index.php?rest_route=%2Fwp%2Fv2%2Fmedia&parent=31256"}],"wp:term":[{"taxonomy":"category","embeddable":true,"href":"https:\/\/www.ocorreionews.com.br\/acervo-correio\/index.php?rest_route=%2Fwp%2Fv2%2Fcategories&post=31256"},{"taxonomy":"post_tag","embeddable":true,"href":"https:\/\/www.ocorreionews.com.br\/acervo-correio\/index.php?rest_route=%2Fwp%2Fv2%2Ftags&post=31256"}],"curies":[{"name":"wp","href":"https:\/\/api.w.org\/{rel}","templated":true}]}}