{"id":31267,"date":"2016-07-07T17:06:36","date_gmt":"2016-07-07T21:06:36","guid":{"rendered":"https:\/\/ocorreionews.com.br\/?p=31267"},"modified":"2016-07-07T17:13:12","modified_gmt":"2016-07-07T21:13:12","slug":"festival-da-tradicao-gaucha-comeca-na-sexta-em-maracaju","status":"publish","type":"post","link":"https:\/\/www.ocorreionews.com.br\/acervo-correio\/?p=31267","title":{"rendered":"Festival da Tradi\u00e7\u00e3o Ga\u00facha come\u00e7a na sexta em Maracaju"},"content":{"rendered":"<p style=\"text-align: justify;\">O Movimento Tradicionalista Ga\u00facho do Mato Grosso do Sul (MTG-MS) e o CTG\u00a0Nova Quer\u00eancia realizam de 8 a 10 de julho, em Maracaju, o 27\u00ba Festival\u00a0Sul-mato-grossense de Folclore e Tradi\u00e7\u00e3o Ga\u00facha (Fegams) no Parque de\u00a0Exposi\u00e7\u00f5es. O tema desta edi\u00e7\u00e3o \u00e9 \u201cA Tradi\u00e7\u00e3o Enraizada na Riqueza do Solo\u00a0Sul-mato-grossense\u201d e conta com o apoio da Confedera\u00e7\u00e3o Brasileira da\u00a0Tradi\u00e7\u00e3o Ga\u00facha (CBTG), do Governo do Estado, Prefeitura de Maracaju e\u00a0C\u00e2mara de Vereadores de Maracaju.<\/p>\n<p>De acordo com a comiss\u00e3o organizadora o Fegams receber\u00e1 em torno de cinco\u00a0mil visitantes e integrantes dos CTG\u2019s do Mato Grosso do Sul. \u201cRealizaremos\u00a060 provas e tivemos aproximadamente 800 inscri\u00e7\u00f5es dos integrantes oriundos\u00a0de dez Centros de Tradi\u00e7\u00f5es Ga\u00fachas. Estamos trabalhando para a realiza\u00e7\u00e3o\u00a0deste grandioso Festival e convidamos a popula\u00e7\u00e3o para prestigiar\u201d, disse\u00a0Rafael Uzeika, Patr\u00e3o do CTG Nova Quer\u00eancia.<\/p>\n<p>Os inscritos participar\u00e3o das disputas nas modalidades art\u00edsticas (poesia,\u00a0causo, declama\u00e7\u00e3o, m\u00fasica, dan\u00e7as, etc) e esportivas (bocha, bol\u00e3o, tava e\u00a0truco), divididos nas categorias mirim, juvenil, adulto, xiru e veterano.\u00a0Natal Jos\u00e9 Marchioro, Presidente do MTG-MS, enfatiza que o evento \u00e9 uma\u00a0grande integra\u00e7\u00e3o cultural. \u201c\u00c9 uma maneira de integrar e fortalecer a\u00a0tradi\u00e7\u00e3o ga\u00facha neste momento de congra\u00e7amento da fam\u00edlia tradicionalista.\u00a0No Festival temos a oportunidade de conhecer o trabalho cultural realizado\u00a0por meio dos Centros de Tradi\u00e7\u00f5es Ga\u00fachas do Mato Grosso do Sul,\u201d colocou\u00a0Marchioro.<\/p>\n<p>A solenidade de abertura ser\u00e1 \u00e0s 19h da pr\u00f3xima sexta-feira, 8 de julho, no\u00a0Tatersal &#8211; Parque de Exposi\u00e7\u00f5es de Maracaju.<\/p>\n<p>O 27\u00ba Fegams \u00e9 uma realiza\u00e7\u00e3o do MTG-MS e CTG Nova Quer\u00eanciacom o apoio da CBTG, do Governo do Estado de Mato Grosso do Sul, Prefeiturade Maracaju e C\u00e2mara de Vereadores de Maracaju, al\u00e9m de v\u00e1rias empresas do\u00a0setor privado. O festival \u00e9 aberto ao p\u00fablico e a entrada para asapresenta\u00e7\u00f5es art\u00edstico-culturais \u00e9 franca.<\/p>\n<p>maracajuemfoco<\/p>\n","protected":false},"excerpt":{"rendered":"<p>O Movimento Tradicionalista Ga\u00facho do Mato Grosso do Sul (MTG-MS) e o CTG\u00a0Nova Quer\u00eancia realizam de 8 a 10 de julho, em Maracaju, o 27\u00ba Festival\u00a0Sul-mato-grossense de Folclore e Tradi\u00e7\u00e3o Ga\u00facha (Fegams) no Parque de\u00a0Exposi\u00e7\u00f5es. O tema desta edi\u00e7\u00e3o \u00e9 \u201cA Tradi\u00e7\u00e3o Enraizada na Riqueza do Solo\u00a0Sul-mato-grossense\u201d e conta com o apoio da Confedera\u00e7\u00e3o Brasileira [&hellip;]<\/p>\n","protected":false},"author":4,"featured_media":5961,"comment_status":"closed","ping_status":"closed","sticky":false,"template":"","format":"standard","meta":{"footnotes":""},"categories":[27],"tags":[],"class_list":["post-31267","post","type-post","status-publish","format-standard","has-post-thumbnail","hentry","category-educacao"],"_links":{"self":[{"href":"https:\/\/www.ocorreionews.com.br\/acervo-correio\/index.php?rest_route=\/wp\/v2\/posts\/31267","targetHints":{"allow":["GET"]}}],"collection":[{"href":"https:\/\/www.ocorreionews.com.br\/acervo-correio\/index.php?rest_route=\/wp\/v2\/posts"}],"about":[{"href":"https:\/\/www.ocorreionews.com.br\/acervo-correio\/index.php?rest_route=\/wp\/v2\/types\/post"}],"author":[{"embeddable":true,"href":"https:\/\/www.ocorreionews.com.br\/acervo-correio\/index.php?rest_route=\/wp\/v2\/users\/4"}],"replies":[{"embeddable":true,"href":"https:\/\/www.ocorreionews.com.br\/acervo-correio\/index.php?rest_route=%2Fwp%2Fv2%2Fcomments&post=31267"}],"version-history":[{"count":0,"href":"https:\/\/www.ocorreionews.com.br\/acervo-correio\/index.php?rest_route=\/wp\/v2\/posts\/31267\/revisions"}],"wp:featuredmedia":[{"embeddable":true,"href":"https:\/\/www.ocorreionews.com.br\/acervo-correio\/index.php?rest_route=\/wp\/v2\/media\/5961"}],"wp:attachment":[{"href":"https:\/\/www.ocorreionews.com.br\/acervo-correio\/index.php?rest_route=%2Fwp%2Fv2%2Fmedia&parent=31267"}],"wp:term":[{"taxonomy":"category","embeddable":true,"href":"https:\/\/www.ocorreionews.com.br\/acervo-correio\/index.php?rest_route=%2Fwp%2Fv2%2Fcategories&post=31267"},{"taxonomy":"post_tag","embeddable":true,"href":"https:\/\/www.ocorreionews.com.br\/acervo-correio\/index.php?rest_route=%2Fwp%2Fv2%2Ftags&post=31267"}],"curies":[{"name":"wp","href":"https:\/\/api.w.org\/{rel}","templated":true}]}}