{"id":31270,"date":"2016-07-07T19:43:46","date_gmt":"2016-07-07T23:43:46","guid":{"rendered":"https:\/\/ocorreionews.com.br\/?p=31270"},"modified":"2016-07-07T19:43:46","modified_gmt":"2016-07-07T23:43:46","slug":"pmdb-e-psc-fecham-acordo-e-bocalan-sera-vice-de-walter-schlatter","status":"publish","type":"post","link":"https:\/\/www.ocorreionews.com.br\/acervo-correio\/?p=31270","title":{"rendered":"PMDB e PSC fecham acordo e Bocalan ser\u00e1 vice de Walter Schlatter"},"content":{"rendered":"<p>Ap\u00f3s semanas de negocia\u00e7\u00f5es e muitas reuni\u00f5es, finalmente o empres\u00e1rio Bocalan e o seu partido PSC, decidiram pela pr\u00e9-candidatura a vice-prefeito.<\/p>\n<p>Na noite desta quinta-feira, 07 de julho, ap\u00f3s mais uma reuni\u00e3o entre membros do diret\u00f3rio do PMDB e do PSC ficou decidido que o empres\u00e1rio Claudiomar Bocalan \u00e9 o pr\u00e9-candidato a vice-prefeito na chapa que ser\u00e1 ainda fechada, tendo como pr\u00e9-candidato a prefeito, Walter Schlatter.<\/p>\n<p>Chapa ainda para fechar porque existem partidos que n\u00e3o decidiram por lan\u00e7amento de pr\u00e9-candidaturas a prefeito e igualmente s\u00e3o assediados por aqueles que est\u00e3o em condi\u00e7\u00f5es de lan\u00e7ar. Agora o que h\u00e1 s\u00e3o buscas de siglas importantes para o fortalecimento de campanha e forma\u00e7\u00e3o de um grupo que trabalhe em busca de projetos para a volta do desenvolvimento de Chapad\u00e3o o Sul.<\/p>\n<p>&#8220;Estamos convictos de que fizemos mais uma importante alian\u00e7a para tornar realidade os projetos de desenvolvimento, com empres\u00e1rios comprovadamente eficientes em gest\u00e3o, como s\u00e3o Bocalan e Walter Schlatter&#8221;, disse o presidente do Diret\u00f3rio Municipal do PMDB, Jorge Michelc.<\/p>\n<p>Fonte: Jovemsulnews<\/p>\n","protected":false},"excerpt":{"rendered":"<p>Ap\u00f3s semanas de negocia\u00e7\u00f5es e muitas reuni\u00f5es, finalmente o empres\u00e1rio Bocalan e o seu partido PSC, decidiram pela pr\u00e9-candidatura a vice-prefeito. Na noite desta quinta-feira, 07 de julho, ap\u00f3s mais uma reuni\u00e3o entre membros do diret\u00f3rio do PMDB e do PSC ficou decidido que o empres\u00e1rio Claudiomar Bocalan \u00e9 o pr\u00e9-candidato a vice-prefeito na chapa [&hellip;]<\/p>\n","protected":false},"author":4,"featured_media":31271,"comment_status":"closed","ping_status":"closed","sticky":false,"template":"","format":"standard","meta":{"footnotes":""},"categories":[23],"tags":[],"class_list":["post-31270","post","type-post","status-publish","format-standard","has-post-thumbnail","hentry","category-chapadao-do-sul"],"_links":{"self":[{"href":"https:\/\/www.ocorreionews.com.br\/acervo-correio\/index.php?rest_route=\/wp\/v2\/posts\/31270","targetHints":{"allow":["GET"]}}],"collection":[{"href":"https:\/\/www.ocorreionews.com.br\/acervo-correio\/index.php?rest_route=\/wp\/v2\/posts"}],"about":[{"href":"https:\/\/www.ocorreionews.com.br\/acervo-correio\/index.php?rest_route=\/wp\/v2\/types\/post"}],"author":[{"embeddable":true,"href":"https:\/\/www.ocorreionews.com.br\/acervo-correio\/index.php?rest_route=\/wp\/v2\/users\/4"}],"replies":[{"embeddable":true,"href":"https:\/\/www.ocorreionews.com.br\/acervo-correio\/index.php?rest_route=%2Fwp%2Fv2%2Fcomments&post=31270"}],"version-history":[{"count":0,"href":"https:\/\/www.ocorreionews.com.br\/acervo-correio\/index.php?rest_route=\/wp\/v2\/posts\/31270\/revisions"}],"wp:featuredmedia":[{"embeddable":true,"href":"https:\/\/www.ocorreionews.com.br\/acervo-correio\/index.php?rest_route=\/wp\/v2\/media\/31271"}],"wp:attachment":[{"href":"https:\/\/www.ocorreionews.com.br\/acervo-correio\/index.php?rest_route=%2Fwp%2Fv2%2Fmedia&parent=31270"}],"wp:term":[{"taxonomy":"category","embeddable":true,"href":"https:\/\/www.ocorreionews.com.br\/acervo-correio\/index.php?rest_route=%2Fwp%2Fv2%2Fcategories&post=31270"},{"taxonomy":"post_tag","embeddable":true,"href":"https:\/\/www.ocorreionews.com.br\/acervo-correio\/index.php?rest_route=%2Fwp%2Fv2%2Ftags&post=31270"}],"curies":[{"name":"wp","href":"https:\/\/api.w.org\/{rel}","templated":true}]}}