{"id":31275,"date":"2016-07-08T07:01:19","date_gmt":"2016-07-08T11:01:19","guid":{"rendered":"https:\/\/ocorreionews.com.br\/?p=31275"},"modified":"2016-07-08T07:01:19","modified_gmt":"2016-07-08T11:01:19","slug":"escola-com-partido-ou-sem-partido","status":"publish","type":"post","link":"https:\/\/www.ocorreionews.com.br\/acervo-correio\/?p=31275","title":{"rendered":"Escola com Partido ou Sem Partido?"},"content":{"rendered":"<p style=\"text-align: justify;\">Em Zero Hora do \u00faltimo dia 5 de julho, um estudante entrou na esteira aberta pelo jornalista Paulo Germano que escreveu coluna criticando o projeto Escola Sem Partido. A carta desse leitor soma-se a incont\u00e1veis relatos que pessoalmente recebi sobre a milit\u00e2ncia pol\u00edtica, ideol\u00f3gica e partid\u00e1ria que usa a sala de aula como concess\u00e3o para fazer cabe\u00e7as. Senhores absolutos de tempo e conte\u00fado, das respostas certas e das notas, os pseudoeducadores militantes partid\u00e1rios t\u00eam seu trabalho facilitado pelo material did\u00e1tico que o igualmente pol\u00edtico, ideol\u00f3gico e partid\u00e1rio MEC lhes proporciona. Em sua carta \u00e0 reda\u00e7\u00e3o de ZH, o estudante mencionado no in\u00edcio deste texto informa que a UFRGS, onde cursa Hist\u00f3ria, &#8220;foi tomada por essa ideologia de esquerda. Aulas s\u00e3o canceladas para que\u00a0 os alunos assistam &#8216;aulas democr\u00e1ticas&#8217;, &#8216;palestras sobre democracia&#8217;, que sempre come\u00e7am e terminam com odes ao PT&#8221;. O acad\u00eamico tamb\u00e9m poderia ter dito PSol, PSTU, PCdoB.<\/p>\n<p style=\"text-align: justify;\">\u00a0\u00a0\u00a0\u00a0\u00a0\u00a0\u00a0\u00a0 \u00c9 fato sabido que a hist\u00f3ria das ideias inspiradoras de todos esses partidos n\u00e3o registra a constru\u00e7\u00e3o de uma \u00fanica democracia. Igualmente documentado que o PT no poder fez v\u00e1rios ensaios para controlar os meios de comunica\u00e7\u00e3o e se valeu de m\u00e9todos escusos para\u00a0 iludir a popula\u00e7\u00e3o durante os processos eleitorais. O discurso da democracia, portanto, deve ser entendido como outra impostura para perverter a democracia. N\u00e3o h\u00e1 democracia poss\u00edvel com o polin\u00f4mio que orienta esses partidos: luta de classes, relativiza\u00e7\u00e3o do direito \u00e0 propriedade privada, incentivo \u00e0 viol\u00eancia, constru\u00e7\u00e3o de hegemonia em bases gramscistas, combate aos valores da civiliza\u00e7\u00e3o ocidental, entre os quais a pr\u00f3pria democracia liberal, representativa.<\/p>\n<p style=\"text-align: justify;\">\u00a0\u00a0\u00a0\u00a0\u00a0\u00a0\u00a0\u00a0 Se voc\u00ea, leitor, for chefe de fam\u00edlia e puder optar, na escolha do col\u00e9gio de seus filhos, entre uma escola com partido e uma sem partido, qual das duas teria sua prefer\u00eancia? Desnecess\u00e1rio dizer o que acontece na primeira: \u00e9 isso que est\u00e1 a\u00ed, com alunos cantando revolu\u00e7\u00e3o e louvando Marighella e Che Guevara. Na outra, indiscutivelmente, maior foco no ensino e na aprendizagem. Na primeira, o preparo de militantes. Na segunda, o preparo para a vida. Na primeira, o incentivo \u00e0 desordenada rebeldia. Na segunda, a criatividade positivamente estimulada. Na primeira, as artimanhas do combate pol\u00edtico. Na segunda, o desenvolvimento das habilidades e compet\u00eancias para uma vida produtiva. Na primeira, a renitente interpreta\u00e7\u00e3o marxista dos fatos sociais, pol\u00edticos e econ\u00f4micos. Na segunda, o incentivo ao estudo e ao trabalho.<\/p>\n<p style=\"text-align: justify;\">\u00a0\u00a0\u00a0\u00a0\u00a0\u00a0\u00a0\u00a0 N\u00e3o devemos esquecer que os pais s\u00e3o os primeiros e mais leg\u00edtimos respons\u00e1veis pela educa\u00e7\u00e3o dos filhos. Com esta premissa, n\u00e3o creio que muitos desejem para eles uma escola com partido, ainda que seja isso que o poder p\u00fablico lhes proporciona e seja por a\u00ed que se tem desviado, tamb\u00e9m, o ensino particular, vitimado pela mesma contamina\u00e7\u00e3o ideol\u00f3gica. Todo apoio, portanto, ao projeto Escola Sem Partido.<\/p>\n<p style=\"text-align: justify;\">________________________________<br \/>\n<em>* Percival Puggina (71), membro da Academia Rio-Grandense de Letras, \u00e9 arquiteto, empres\u00e1rio e escritor e titular do site www.puggina.org, colunista de Zero Hora e de dezenas de jornais e sites no pa\u00eds. Autor de Cr\u00f4nicas contra o totalitarismo; Cuba, a trag\u00e9dia da utopia; Pombas e Gavi\u00f5es; A tomada do Brasil. integrante do grupo Pensar+.<\/em><\/p>\n","protected":false},"excerpt":{"rendered":"<p>Em Zero Hora do \u00faltimo dia 5 de julho, um estudante entrou na esteira aberta pelo jornalista Paulo Germano que escreveu coluna criticando o projeto Escola Sem Partido. A carta desse leitor soma-se a incont\u00e1veis relatos que pessoalmente recebi sobre a milit\u00e2ncia pol\u00edtica, ideol\u00f3gica e partid\u00e1ria que usa a sala de aula como concess\u00e3o para [&hellip;]<\/p>\n","protected":false},"author":4,"featured_media":25337,"comment_status":"closed","ping_status":"closed","sticky":false,"template":"","format":"standard","meta":{"footnotes":""},"categories":[37],"tags":[],"class_list":["post-31275","post","type-post","status-publish","format-standard","has-post-thumbnail","hentry","category-politica"],"_links":{"self":[{"href":"https:\/\/www.ocorreionews.com.br\/acervo-correio\/index.php?rest_route=\/wp\/v2\/posts\/31275","targetHints":{"allow":["GET"]}}],"collection":[{"href":"https:\/\/www.ocorreionews.com.br\/acervo-correio\/index.php?rest_route=\/wp\/v2\/posts"}],"about":[{"href":"https:\/\/www.ocorreionews.com.br\/acervo-correio\/index.php?rest_route=\/wp\/v2\/types\/post"}],"author":[{"embeddable":true,"href":"https:\/\/www.ocorreionews.com.br\/acervo-correio\/index.php?rest_route=\/wp\/v2\/users\/4"}],"replies":[{"embeddable":true,"href":"https:\/\/www.ocorreionews.com.br\/acervo-correio\/index.php?rest_route=%2Fwp%2Fv2%2Fcomments&post=31275"}],"version-history":[{"count":0,"href":"https:\/\/www.ocorreionews.com.br\/acervo-correio\/index.php?rest_route=\/wp\/v2\/posts\/31275\/revisions"}],"wp:featuredmedia":[{"embeddable":true,"href":"https:\/\/www.ocorreionews.com.br\/acervo-correio\/index.php?rest_route=\/wp\/v2\/media\/25337"}],"wp:attachment":[{"href":"https:\/\/www.ocorreionews.com.br\/acervo-correio\/index.php?rest_route=%2Fwp%2Fv2%2Fmedia&parent=31275"}],"wp:term":[{"taxonomy":"category","embeddable":true,"href":"https:\/\/www.ocorreionews.com.br\/acervo-correio\/index.php?rest_route=%2Fwp%2Fv2%2Fcategories&post=31275"},{"taxonomy":"post_tag","embeddable":true,"href":"https:\/\/www.ocorreionews.com.br\/acervo-correio\/index.php?rest_route=%2Fwp%2Fv2%2Ftags&post=31275"}],"curies":[{"name":"wp","href":"https:\/\/api.w.org\/{rel}","templated":true}]}}