{"id":31277,"date":"2016-07-08T07:17:17","date_gmt":"2016-07-08T11:17:17","guid":{"rendered":"https:\/\/ocorreionews.com.br\/?p=31277"},"modified":"2016-07-08T07:17:17","modified_gmt":"2016-07-08T11:17:17","slug":"presidente-da-cruz-vermelha-brasileira-conduz-tocha-olimpica","status":"publish","type":"post","link":"https:\/\/www.ocorreionews.com.br\/acervo-correio\/?p=31277","title":{"rendered":"Presidente da Cruz Vermelha Brasileira conduz tocha ol\u00edmpica"},"content":{"rendered":"<div>\n<p class=\"x_MsoNormal\">Presidente da Cruz Vermelha Brasileira, Rosely Sampaio conduzir\u00e1 a tocha ol\u00edmpica, no dia 14 de julho, em Curitiba. Vai representar os mais de 15 mil volunt\u00e1rios que a centen\u00e1ria institui\u00e7\u00e3o de ajuda humanit\u00e1ria possui no pa\u00eds e os milh\u00f5es de brasileiros beneficiados em diversos programas e campanhas, principalmente em \u00e9pocas de cat\u00e1strofes naturais. \u201cEstou lisonjeada em poder representar todo o corpo de volunt\u00e1rios neste evento mundialmente importante que ser\u00e1 realizado no Rio de Janeiro, local da nossa sede\u201d, declarou Rosely Sampaio.<\/p>\n<p class=\"x_MsoNormal\"><a href=\"https:\/\/ocorreionews.com.br\/wp-content\/uploads\/2016\/07\/Presidente-cruz-vrmelha.jpg\"><img loading=\"lazy\" decoding=\"async\" class=\"alignnone size-medium wp-image-31278\" src=\"https:\/\/ocorreionews.com.br\/wp-content\/uploads\/2016\/07\/Presidente-cruz-vrmelha-300x225.jpg\" alt=\"Presidente cruz vrmelha\" width=\"300\" height=\"225\" srcset=\"https:\/\/www.ocorreionews.com.br\/acervo-correio\/wp-content\/uploads\/2016\/07\/Presidente-cruz-vrmelha-300x225.jpg 300w, https:\/\/www.ocorreionews.com.br\/acervo-correio\/wp-content\/uploads\/2016\/07\/Presidente-cruz-vrmelha-100x75.jpg 100w, https:\/\/www.ocorreionews.com.br\/acervo-correio\/wp-content\/uploads\/2016\/07\/Presidente-cruz-vrmelha.jpg 443w\" sizes=\"auto, (max-width: 300px) 100vw, 300px\" \/><\/a><\/p>\n<p class=\"x_MsoNormal\">A indica\u00e7\u00e3o da presidente aconteceu a partir do contato feito pelo Comit\u00ea Ol\u00edmpico Internacional \u00e0 Federa\u00e7\u00e3o Internacional da Cruz Vermelha e do Crescente Vermelho. A hist\u00f3ria da jornalista Rosely na CVB \u00e9 exemplar. Ingressou como volunt\u00e1ria, quase menina, nos anos 1980. Em 2006, foi uma das fundadoras da filial do Rio de Janeiro, onde ocupou cargos de dire\u00e7\u00e3o, at\u00e9 ser eleita presidente nacional da institui\u00e7\u00e3o que tem 21 filiais estaduais e dezenas de municipais distribu\u00eddas pelo Brasil.<\/p>\n<p class=\"x_MsoNormal\">Sempre com foco na ajuda humanit\u00e1ria, a Cruz Vermelha Brasileira atua em v\u00e1rios projetos ligados ao esporte. H\u00e1 jud\u00f4, para inclus\u00e3o social de crian\u00e7as, na filial do Cear\u00e1, onde tamb\u00e9m foi lan\u00e7ada campanha para arrecadar cadeiras de rodas para deficientes f\u00edsicos com um inusitado salto de paraquedas de uma cadeirante. Possui times de futebol, sal\u00e3o e Fut 7, em Iguaba Grande (RJ), onde tamb\u00e9m forma atletas nas escolinhas de futebol. Volunt\u00e1rios da equipe de sa\u00fade, em S\u00e3o Paulo, participam da Copa dos Refugiados. H\u00e1, ainda, um vasto hist\u00f3rico na organiza\u00e7\u00e3o de corridas r\u00fasticas em diversas cidades brasileiras.<\/p>\n<p class=\"x_MsoNormal\">A Cruz Vermelha Brasileira \u00e9 uma das 190 Sociedades Nacionais que comp\u00f5em o Movimento Internacional de Cruz Vermelha e do Crescente Vermelho. Fundada em 5 de dezembro de 1908, \u00e9 constitu\u00edda com bases nas Conven\u00e7\u00f5es de Genebra, das quais o Brasil \u00e9 signat\u00e1rio. \u00c9 uma associa\u00e7\u00e3o civil, sem fins lucrativos, de natureza filantr\u00f3pica, independente, declarada pelo governo brasileiro de utilidade p\u00fablica internacional, de socorro volunt\u00e1rio, auxiliar dos poderes p\u00fablicos e, em particular, dos servi\u00e7os militares de sa\u00fade. Tem como miss\u00e3o atenuar o sofrimento humano, sem distin\u00e7\u00e3o de ra\u00e7a, religi\u00e3o, condi\u00e7\u00e3o social, g\u00eanero e opini\u00e3o pol\u00edtica.<\/p>\n<p class=\"x_MsoNormal\">\n<p>Mais informa\u00e7\u00f5es,<span class=\"x_HOEnZb\"><span style=\"color: #888888;\">&#8212;<br \/>\n<\/span><\/span><\/p>\n<\/div>\n<div>\n<div dir=\"ltr\">\n<div><span style=\"font-size: xx-small;\"><b>Jorge Velloso<\/b><\/span><\/div>\n<div><span style=\"font-size: xx-small;\"><b>Assessor de Imprensa<\/b><\/span><\/div>\n<\/div>\n<\/div>\n<p>&nbsp;<\/p>\n","protected":false},"excerpt":{"rendered":"<p>Presidente da Cruz Vermelha Brasileira, Rosely Sampaio conduzir\u00e1 a tocha ol\u00edmpica, no dia 14 de julho, em Curitiba. Vai representar os mais de 15 mil volunt\u00e1rios que a centen\u00e1ria institui\u00e7\u00e3o de ajuda humanit\u00e1ria possui no pa\u00eds e os milh\u00f5es de brasileiros beneficiados em diversos programas e campanhas, principalmente em \u00e9pocas de cat\u00e1strofes naturais. \u201cEstou lisonjeada [&hellip;]<\/p>\n","protected":false},"author":4,"featured_media":27705,"comment_status":"closed","ping_status":"closed","sticky":false,"template":"","format":"standard","meta":{"footnotes":""},"categories":[31],"tags":[],"class_list":["post-31277","post","type-post","status-publish","format-standard","has-post-thumbnail","hentry","category-geral"],"_links":{"self":[{"href":"https:\/\/www.ocorreionews.com.br\/acervo-correio\/index.php?rest_route=\/wp\/v2\/posts\/31277","targetHints":{"allow":["GET"]}}],"collection":[{"href":"https:\/\/www.ocorreionews.com.br\/acervo-correio\/index.php?rest_route=\/wp\/v2\/posts"}],"about":[{"href":"https:\/\/www.ocorreionews.com.br\/acervo-correio\/index.php?rest_route=\/wp\/v2\/types\/post"}],"author":[{"embeddable":true,"href":"https:\/\/www.ocorreionews.com.br\/acervo-correio\/index.php?rest_route=\/wp\/v2\/users\/4"}],"replies":[{"embeddable":true,"href":"https:\/\/www.ocorreionews.com.br\/acervo-correio\/index.php?rest_route=%2Fwp%2Fv2%2Fcomments&post=31277"}],"version-history":[{"count":0,"href":"https:\/\/www.ocorreionews.com.br\/acervo-correio\/index.php?rest_route=\/wp\/v2\/posts\/31277\/revisions"}],"wp:featuredmedia":[{"embeddable":true,"href":"https:\/\/www.ocorreionews.com.br\/acervo-correio\/index.php?rest_route=\/wp\/v2\/media\/27705"}],"wp:attachment":[{"href":"https:\/\/www.ocorreionews.com.br\/acervo-correio\/index.php?rest_route=%2Fwp%2Fv2%2Fmedia&parent=31277"}],"wp:term":[{"taxonomy":"category","embeddable":true,"href":"https:\/\/www.ocorreionews.com.br\/acervo-correio\/index.php?rest_route=%2Fwp%2Fv2%2Fcategories&post=31277"},{"taxonomy":"post_tag","embeddable":true,"href":"https:\/\/www.ocorreionews.com.br\/acervo-correio\/index.php?rest_route=%2Fwp%2Fv2%2Ftags&post=31277"}],"curies":[{"name":"wp","href":"https:\/\/api.w.org\/{rel}","templated":true}]}}