{"id":31280,"date":"2016-07-08T07:28:45","date_gmt":"2016-07-08T11:28:45","guid":{"rendered":"https:\/\/ocorreionews.com.br\/?p=31280"},"modified":"2016-07-08T07:32:55","modified_gmt":"2016-07-08T11:32:55","slug":"psol-afirma-que-tera-candidatura-propria-em-chapadao-do-sul","status":"publish","type":"post","link":"https:\/\/www.ocorreionews.com.br\/acervo-correio\/?p=31280","title":{"rendered":"PSOL afirma que ter\u00e1 candidatura pr\u00f3pria em Chapad\u00e3o do Sul"},"content":{"rendered":"<p>Na noite de ontem, integrantes do Partido do PSOL, reuniram para tratar de assuntos do partido com rela\u00e7\u00e3o as elei\u00e7\u00f5es municipais.<\/p>\n<p>Ap\u00f3s v\u00e1rios debates, ficou decidido que o PSOL, vai ter candidato pr\u00f3prio nas elei\u00e7\u00f5es municipais.<\/p>\n<p>O PSOL, tamb\u00e9m informou que tem 14 pr\u00e9-candidatos a vereadores. \u201cE n\u00f3s pr\u00f3ximos dias conheceremos o pr\u00e9 candidato a Prefeito, que ter\u00e1 a miss\u00e3o de representar o Povo, uma candidatura vinda do Povo.\u201d Afirma o diret\u00f3rio<\/p>\n<p><a href=\"https:\/\/ocorreionews.com.br\/wp-content\/uploads\/2016\/07\/psol3.jpg\"><img loading=\"lazy\" decoding=\"async\" class=\"alignnone size-medium wp-image-31283\" src=\"https:\/\/ocorreionews.com.br\/wp-content\/uploads\/2016\/07\/psol3-300x168.jpg\" alt=\"psol3\" width=\"300\" height=\"168\" srcset=\"https:\/\/www.ocorreionews.com.br\/acervo-correio\/wp-content\/uploads\/2016\/07\/psol3-300x168.jpg 300w, https:\/\/www.ocorreionews.com.br\/acervo-correio\/wp-content\/uploads\/2016\/07\/psol3-768x431.jpg 768w, https:\/\/www.ocorreionews.com.br\/acervo-correio\/wp-content\/uploads\/2016\/07\/psol3.jpg 960w\" sizes=\"auto, (max-width: 300px) 100vw, 300px\" \/><\/a><\/p>\n","protected":false},"excerpt":{"rendered":"<p>Na noite de ontem, integrantes do Partido do PSOL, reuniram para tratar de assuntos do partido com rela\u00e7\u00e3o as elei\u00e7\u00f5es municipais. Ap\u00f3s v\u00e1rios debates, ficou decidido que o PSOL, vai ter candidato pr\u00f3prio nas elei\u00e7\u00f5es municipais. O PSOL, tamb\u00e9m informou que tem 14 pr\u00e9-candidatos a vereadores. \u201cE n\u00f3s pr\u00f3ximos dias conheceremos o pr\u00e9 candidato a [&hellip;]<\/p>\n","protected":false},"author":4,"featured_media":31281,"comment_status":"closed","ping_status":"closed","sticky":false,"template":"","format":"standard","meta":{"footnotes":""},"categories":[23],"tags":[],"class_list":["post-31280","post","type-post","status-publish","format-standard","has-post-thumbnail","hentry","category-chapadao-do-sul"],"_links":{"self":[{"href":"https:\/\/www.ocorreionews.com.br\/acervo-correio\/index.php?rest_route=\/wp\/v2\/posts\/31280","targetHints":{"allow":["GET"]}}],"collection":[{"href":"https:\/\/www.ocorreionews.com.br\/acervo-correio\/index.php?rest_route=\/wp\/v2\/posts"}],"about":[{"href":"https:\/\/www.ocorreionews.com.br\/acervo-correio\/index.php?rest_route=\/wp\/v2\/types\/post"}],"author":[{"embeddable":true,"href":"https:\/\/www.ocorreionews.com.br\/acervo-correio\/index.php?rest_route=\/wp\/v2\/users\/4"}],"replies":[{"embeddable":true,"href":"https:\/\/www.ocorreionews.com.br\/acervo-correio\/index.php?rest_route=%2Fwp%2Fv2%2Fcomments&post=31280"}],"version-history":[{"count":0,"href":"https:\/\/www.ocorreionews.com.br\/acervo-correio\/index.php?rest_route=\/wp\/v2\/posts\/31280\/revisions"}],"wp:featuredmedia":[{"embeddable":true,"href":"https:\/\/www.ocorreionews.com.br\/acervo-correio\/index.php?rest_route=\/wp\/v2\/media\/31281"}],"wp:attachment":[{"href":"https:\/\/www.ocorreionews.com.br\/acervo-correio\/index.php?rest_route=%2Fwp%2Fv2%2Fmedia&parent=31280"}],"wp:term":[{"taxonomy":"category","embeddable":true,"href":"https:\/\/www.ocorreionews.com.br\/acervo-correio\/index.php?rest_route=%2Fwp%2Fv2%2Fcategories&post=31280"},{"taxonomy":"post_tag","embeddable":true,"href":"https:\/\/www.ocorreionews.com.br\/acervo-correio\/index.php?rest_route=%2Fwp%2Fv2%2Ftags&post=31280"}],"curies":[{"name":"wp","href":"https:\/\/api.w.org\/{rel}","templated":true}]}}