{"id":31293,"date":"2016-07-08T08:33:48","date_gmt":"2016-07-08T12:33:48","guid":{"rendered":"https:\/\/ocorreionews.com.br\/?p=31293"},"modified":"2016-07-08T08:33:48","modified_gmt":"2016-07-08T12:33:48","slug":"uso-do-farol-baixo-em-rodovias-e-obrigatorio-a-partir-de-hoje","status":"publish","type":"post","link":"https:\/\/www.ocorreionews.com.br\/acervo-correio\/?p=31293","title":{"rendered":"Uso do farol baixo em rodovias \u00e9 obrigat\u00f3rio a partir de hoje"},"content":{"rendered":"<p>A partir de hoje, o farol baixo aceso durante o dia em rodovias \u00e9 obrigat\u00f3rio. Quem for flagrado com as luzes apagadas ser\u00e1 multado em R$ 85,13, por infra\u00e7\u00e3o leve, e ter\u00e1 quatro pontos na carteira de habilita\u00e7\u00e3o.<\/p>\n<p>O objetivo da medida \u00e9 aumentar a seguran\u00e7a nas estradas, reduzindo o n\u00famero de acidentes frontais. Segundo o Departamento Nacional de Tr\u00e2nsito (Denatran), estudos mostram que a presen\u00e7a de luzes acesas reduz entre 5% e 10% o n\u00famero de colis\u00f5es entre ve\u00edculos durante o dia. A maioria das colis\u00f5es frontais \u00e9 causada pela n\u00e3o percep\u00e7\u00e3o do outro ve\u00edculo por parte do motorista, a tempo de reagir para evitar o acidente ou pelo julgamento errado da dist\u00e2ncia e velocidade do ve\u00edculo que trafega na dire\u00e7\u00e3o contr\u00e1ria em casos de ultrapassagem.<\/p>\n<p>O farol baixo n\u00e3o pode ser substitu\u00eddo por farol de milha, farol de neblina ou farolete, mas o uso de far\u00f3is de rodagem diurna (DRL &#8211; Daytime Running Light), ou far\u00f3is de LED, est\u00e1 liberado pelo Denatran. O DRL \u00e9 um filamento de luzes de LED, presente em ve\u00edculos mais modernos e acionado automaticamente quando o carro \u00e9 ligado. A validade do DRL para a nova regra chegou a ser questionada, mas o Denatran esclareceu ontem (7) que esse tipo de ilumina\u00e7\u00e3o tamb\u00e9m \u00e9 v\u00e1lido. A orienta\u00e7\u00e3o de considerar as luzes DRL como farol baixo para fins legais j\u00e1 foi passada \u00e0 Pol\u00edcia Rodovi\u00e1ria Federal e aos demais \u00f3rg\u00e3os do Sistema Nacional de Tr\u00e2nsito.<\/p>\n<p>A lei que estabelece a medida foi sancionada pelo presidente interino Michel Temer no dia 24 de maio. A mudan\u00e7a teve origem em um projeto de lei apresentado pelo deputado federal Rubens Bueno (PPS-PR) e foi aprovada pelo Senado em abril.<\/p>\n<p>O uso do farol baixo durante o dia j\u00e1 \u00e9 exigido para \u00f4nibus, ao circularem em vias pr\u00f3prias, e para motocicletas. Tamb\u00e9m \u00e9 obrigat\u00f3rio para todos os ve\u00edculos em t\u00faneis.<\/p>\n<p>Em Bras\u00edlia, os motoristas devem ficar ainda mais atentos \u00e0 nova medida, porque grande parte das vias que ligam o centro da capital a regi\u00f5es administrativas \u00e9 rodovia, como a Estrada-Parque Taguatinga (EPTG), a Estrada Parque N\u00facleo Bandeirante (EPNB), a Via Estrutural, o Eix\u00e3o Sul e Norte e a L4 Sul e Norte.<\/p>\n<p><strong>MAIS SEGURAN\u00c7A<\/strong><\/p>\n<p>A Pol\u00edcia Rodovi\u00e1ria Federal vai come\u00e7ar a multar hoje os motoristas que n\u00e3o estiverem com os far\u00f3is acesos durante o dia nas rodovias. Desde que a lei foi sancionada, os policiais v\u00eam conversando com os motoristas sobre a import\u00e2ncia de deixar os far\u00f3is ligados.<\/p>\n<p>Para o assessor de comunica\u00e7\u00e3o da PRF, Diego Brand\u00e3o, os condutores n\u00e3o v\u00e3o ter dificuldades em se adaptar \u00e0 nova regra. \u201c\u00c9 uma mudan\u00e7a cultural. \u00c9 importante que o motorista seja sensibilizado de que, ao adotar a medida, al\u00e9m de fugir das penalidades impostas pela lei, ele contribui para a diminui\u00e7\u00e3o de acidentes, que \u00e9 o mais importante\u201d.<\/p>\n<aside class=\"grid_4 maisLidasBox\">\n<div class=\"squareBanner\">\n<div class=\"clear\">Segundo Brand\u00e3o, qualquer medida que aumente a visibilidade de um ve\u00edculo pode ajudar na redu\u00e7\u00e3o de acidentes. \u201cApesar de n\u00e3o haver estudos t\u00e9cnicos na PRF sobre o assunto, temos diversas situa\u00e7\u00f5es e relatos sobre a causa do acidente ter sido a falta de visibilidade. Ent\u00e3o, acreditamos que o aumento da visibilidade vai contribuir para essa redu\u00e7\u00e3o\u201d, diz.<\/div>\n<\/div>\n<\/aside>\n<div class=\"clear\"><\/div>\n<div class=\"clear\"><\/div>\n<div class=\"clear\"><\/div>\n<div class=\"clear\"><\/div>\n<div class=\"clear\">Ag\u00eancia Brasil<\/div>\n","protected":false},"excerpt":{"rendered":"<p>A partir de hoje, o farol baixo aceso durante o dia em rodovias \u00e9 obrigat\u00f3rio. Quem for flagrado com as luzes apagadas ser\u00e1 multado em R$ 85,13, por infra\u00e7\u00e3o leve, e ter\u00e1 quatro pontos na carteira de habilita\u00e7\u00e3o. O objetivo da medida \u00e9 aumentar a seguran\u00e7a nas estradas, reduzindo o n\u00famero de acidentes frontais. Segundo [&hellip;]<\/p>\n","protected":false},"author":4,"featured_media":26342,"comment_status":"closed","ping_status":"closed","sticky":false,"template":"","format":"standard","meta":{"footnotes":""},"categories":[31],"tags":[],"class_list":["post-31293","post","type-post","status-publish","format-standard","has-post-thumbnail","hentry","category-geral"],"_links":{"self":[{"href":"https:\/\/www.ocorreionews.com.br\/acervo-correio\/index.php?rest_route=\/wp\/v2\/posts\/31293","targetHints":{"allow":["GET"]}}],"collection":[{"href":"https:\/\/www.ocorreionews.com.br\/acervo-correio\/index.php?rest_route=\/wp\/v2\/posts"}],"about":[{"href":"https:\/\/www.ocorreionews.com.br\/acervo-correio\/index.php?rest_route=\/wp\/v2\/types\/post"}],"author":[{"embeddable":true,"href":"https:\/\/www.ocorreionews.com.br\/acervo-correio\/index.php?rest_route=\/wp\/v2\/users\/4"}],"replies":[{"embeddable":true,"href":"https:\/\/www.ocorreionews.com.br\/acervo-correio\/index.php?rest_route=%2Fwp%2Fv2%2Fcomments&post=31293"}],"version-history":[{"count":0,"href":"https:\/\/www.ocorreionews.com.br\/acervo-correio\/index.php?rest_route=\/wp\/v2\/posts\/31293\/revisions"}],"wp:featuredmedia":[{"embeddable":true,"href":"https:\/\/www.ocorreionews.com.br\/acervo-correio\/index.php?rest_route=\/wp\/v2\/media\/26342"}],"wp:attachment":[{"href":"https:\/\/www.ocorreionews.com.br\/acervo-correio\/index.php?rest_route=%2Fwp%2Fv2%2Fmedia&parent=31293"}],"wp:term":[{"taxonomy":"category","embeddable":true,"href":"https:\/\/www.ocorreionews.com.br\/acervo-correio\/index.php?rest_route=%2Fwp%2Fv2%2Fcategories&post=31293"},{"taxonomy":"post_tag","embeddable":true,"href":"https:\/\/www.ocorreionews.com.br\/acervo-correio\/index.php?rest_route=%2Fwp%2Fv2%2Ftags&post=31293"}],"curies":[{"name":"wp","href":"https:\/\/api.w.org\/{rel}","templated":true}]}}