{"id":31338,"date":"2016-07-08T19:53:50","date_gmt":"2016-07-08T23:53:50","guid":{"rendered":"https:\/\/ocorreionews.com.br\/?p=31338"},"modified":"2016-07-08T19:53:50","modified_gmt":"2016-07-08T23:53:50","slug":"policia-militar-prende-homem-com-15-kg-de-drogas-na-praca-23-de-outubro","status":"publish","type":"post","link":"https:\/\/www.ocorreionews.com.br\/acervo-correio\/?p=31338","title":{"rendered":"Policia Militar prende homem com 15 kg de drogas na pra\u00e7a 23 de outubro"},"content":{"rendered":"<p style=\"text-align: justify;\">A Pol\u00edcia Militar prendeu no in\u00edcio desta noite, na pra\u00e7a municipal 23 de outubro, Roberto Greg\u00f3rio Santos, com um mochila, com 15,150 kg de maconha.<\/p>\n<p style=\"text-align: justify;\">A pris\u00e3o ocorreu gra\u00e7a a den\u00fancia an\u00f4nima de cidad\u00e3os, que informaram que dois homens, estava tomando pinga na pra\u00e7a e havia arma junto.<\/p>\n<p style=\"text-align: justify;\">A pol\u00edcia militar abordou os dois homens e descobriu, na mochila de Roberto a droga e n\u00e3o foi encontrada arma no local.<\/p>\n<p style=\"text-align: justify;\">Par a nossa reportagem, o portador da droga, disse que comprou a droga em Ponta Por\u00e3 e veio para Chapad\u00e3o do Sul, viajando a p\u00e9 e alguns trecho de \u00f4nibus.<\/p>\n<p style=\"text-align: justify;\">J\u00e1 a Policia Militar n\u00e3o acredita na sua vers\u00e3o e acredita que a droga seria entregue para algu\u00e9m em Chapad\u00e3o do Sul.<\/p>\n<p style=\"text-align: justify;\">Greg\u00f3rio e a droga foram entregues na delegacia e est\u00e1 a disposi\u00e7\u00e3o da justi\u00e7a.<\/p>\n","protected":false},"excerpt":{"rendered":"<p>A Pol\u00edcia Militar prendeu no in\u00edcio desta noite, na pra\u00e7a municipal 23 de outubro, Roberto Greg\u00f3rio Santos, com um mochila, com 15,150 kg de maconha. A pris\u00e3o ocorreu gra\u00e7a a den\u00fancia an\u00f4nima de cidad\u00e3os, que informaram que dois homens, estava tomando pinga na pra\u00e7a e havia arma junto. A pol\u00edcia militar abordou os dois homens [&hellip;]<\/p>\n","protected":false},"author":4,"featured_media":31339,"comment_status":"closed","ping_status":"closed","sticky":false,"template":"","format":"standard","meta":{"footnotes":""},"categories":[23,38],"tags":[],"class_list":["post-31338","post","type-post","status-publish","format-standard","has-post-thumbnail","hentry","category-chapadao-do-sul","category-policia"],"_links":{"self":[{"href":"https:\/\/www.ocorreionews.com.br\/acervo-correio\/index.php?rest_route=\/wp\/v2\/posts\/31338","targetHints":{"allow":["GET"]}}],"collection":[{"href":"https:\/\/www.ocorreionews.com.br\/acervo-correio\/index.php?rest_route=\/wp\/v2\/posts"}],"about":[{"href":"https:\/\/www.ocorreionews.com.br\/acervo-correio\/index.php?rest_route=\/wp\/v2\/types\/post"}],"author":[{"embeddable":true,"href":"https:\/\/www.ocorreionews.com.br\/acervo-correio\/index.php?rest_route=\/wp\/v2\/users\/4"}],"replies":[{"embeddable":true,"href":"https:\/\/www.ocorreionews.com.br\/acervo-correio\/index.php?rest_route=%2Fwp%2Fv2%2Fcomments&post=31338"}],"version-history":[{"count":0,"href":"https:\/\/www.ocorreionews.com.br\/acervo-correio\/index.php?rest_route=\/wp\/v2\/posts\/31338\/revisions"}],"wp:featuredmedia":[{"embeddable":true,"href":"https:\/\/www.ocorreionews.com.br\/acervo-correio\/index.php?rest_route=\/wp\/v2\/media\/31339"}],"wp:attachment":[{"href":"https:\/\/www.ocorreionews.com.br\/acervo-correio\/index.php?rest_route=%2Fwp%2Fv2%2Fmedia&parent=31338"}],"wp:term":[{"taxonomy":"category","embeddable":true,"href":"https:\/\/www.ocorreionews.com.br\/acervo-correio\/index.php?rest_route=%2Fwp%2Fv2%2Fcategories&post=31338"},{"taxonomy":"post_tag","embeddable":true,"href":"https:\/\/www.ocorreionews.com.br\/acervo-correio\/index.php?rest_route=%2Fwp%2Fv2%2Ftags&post=31338"}],"curies":[{"name":"wp","href":"https:\/\/api.w.org\/{rel}","templated":true}]}}