{"id":31433,"date":"2016-07-09T19:09:20","date_gmt":"2016-07-09T23:09:20","guid":{"rendered":"https:\/\/ocorreionews.com.br\/?p=31433"},"modified":"2016-07-11T08:58:07","modified_gmt":"2016-07-11T12:58:07","slug":"realizado-encontro-de-aviadores-de-costa-rica","status":"publish","type":"post","link":"https:\/\/www.ocorreionews.com.br\/acervo-correio\/?p=31433","title":{"rendered":"Realizado Encontro de Aviadores de Costa Rica"},"content":{"rendered":"<p>AACR Bar\u00e3o Vermelho (Associa\u00e7\u00e3o de Aviadores de Costa Rica) realizou neste s\u00e1bado (09) o 1\u00ba Encontro de Aviadores de Costa Rica. O evento foi realizado no Aeroporto Municipal, sa\u00edda para da Usina Odebrecht.<\/p>\n<p>Mais de 25 Pilotos de Goi\u00e1s, Mato Grosso do Sul, Mato Grosso, participaram do encontro. Durante todo dia, apesar do forte vento, foram realizadas v\u00e1rias acrobacias a\u00e9reas e passeio panor\u00e2micos.<\/p>\n<p><strong>Carros Antigos<\/strong><\/p>\n<p>Tamb\u00e9m ficaram expostos alguns modelos de carros antigos, que foram reformadas e chamaram a aten\u00e7\u00e3o dos participantes.<\/p>\n<p><a href=\"https:\/\/ocorreionews.com.br\/2016\/07\/09\/encontro-de-aviadores-de-costa-rica\/\"><span style=\"color: #0000ff;\"><strong>VEJA A GALERIA DE FOTOS<\/strong> <\/span><\/a><\/p>\n<p>Os participantes, foram agraciados com um almo\u00e7o, porco no rolete e costel\u00e3o, acompanhado de m\u00fasica ao vivo.<\/p>\n","protected":false},"excerpt":{"rendered":"<p>AACR Bar\u00e3o Vermelho (Associa\u00e7\u00e3o de Aviadores de Costa Rica) realizou neste s\u00e1bado (09) o 1\u00ba Encontro de Aviadores de Costa Rica. O evento foi realizado no Aeroporto Municipal, sa\u00edda para da Usina Odebrecht. Mais de 25 Pilotos de Goi\u00e1s, Mato Grosso do Sul, Mato Grosso, participaram do encontro. Durante todo dia, apesar do forte vento, [&hellip;]<\/p>\n","protected":false},"author":4,"featured_media":31434,"comment_status":"closed","ping_status":"closed","sticky":false,"template":"","format":"standard","meta":{"footnotes":""},"categories":[25],"tags":[],"class_list":["post-31433","post","type-post","status-publish","format-standard","has-post-thumbnail","hentry","category-costa-rica"],"_links":{"self":[{"href":"https:\/\/www.ocorreionews.com.br\/acervo-correio\/index.php?rest_route=\/wp\/v2\/posts\/31433","targetHints":{"allow":["GET"]}}],"collection":[{"href":"https:\/\/www.ocorreionews.com.br\/acervo-correio\/index.php?rest_route=\/wp\/v2\/posts"}],"about":[{"href":"https:\/\/www.ocorreionews.com.br\/acervo-correio\/index.php?rest_route=\/wp\/v2\/types\/post"}],"author":[{"embeddable":true,"href":"https:\/\/www.ocorreionews.com.br\/acervo-correio\/index.php?rest_route=\/wp\/v2\/users\/4"}],"replies":[{"embeddable":true,"href":"https:\/\/www.ocorreionews.com.br\/acervo-correio\/index.php?rest_route=%2Fwp%2Fv2%2Fcomments&post=31433"}],"version-history":[{"count":0,"href":"https:\/\/www.ocorreionews.com.br\/acervo-correio\/index.php?rest_route=\/wp\/v2\/posts\/31433\/revisions"}],"wp:featuredmedia":[{"embeddable":true,"href":"https:\/\/www.ocorreionews.com.br\/acervo-correio\/index.php?rest_route=\/wp\/v2\/media\/31434"}],"wp:attachment":[{"href":"https:\/\/www.ocorreionews.com.br\/acervo-correio\/index.php?rest_route=%2Fwp%2Fv2%2Fmedia&parent=31433"}],"wp:term":[{"taxonomy":"category","embeddable":true,"href":"https:\/\/www.ocorreionews.com.br\/acervo-correio\/index.php?rest_route=%2Fwp%2Fv2%2Fcategories&post=31433"},{"taxonomy":"post_tag","embeddable":true,"href":"https:\/\/www.ocorreionews.com.br\/acervo-correio\/index.php?rest_route=%2Fwp%2Fv2%2Ftags&post=31433"}],"curies":[{"name":"wp","href":"https:\/\/api.w.org\/{rel}","templated":true}]}}