{"id":31450,"date":"2016-07-10T08:27:02","date_gmt":"2016-07-10T12:27:02","guid":{"rendered":"https:\/\/ocorreionews.com.br\/?p=31450"},"modified":"2016-07-10T08:27:02","modified_gmt":"2016-07-10T12:27:02","slug":"casal-e-preso-com-2-milhoes-de-dolares-em-operacao-de-seguranca-na-br-262-em-ms","status":"publish","type":"post","link":"https:\/\/www.ocorreionews.com.br\/acervo-correio\/?p=31450","title":{"rendered":"Casal \u00e9 preso com 2 milh\u00f5es de d\u00f3lares em opera\u00e7\u00e3o de seguran\u00e7a na BR-262 em MS"},"content":{"rendered":"<p style=\"text-align: justify;\">A PRF (Pol\u00edcia Rodovi\u00e1ria Federal) e o Dof (Departamento de Opera\u00e7\u00e3o de Fronteira) apreenderam em torno US$ 2 milh\u00f5es\u00a0durante um bloqueio da Opera\u00e7\u00e3o \u201cCorumb\u00e1 Segura II\u201d no KM 772 da BR-262 em Corumb\u00e1, na noite deste s\u00e1bado (09). Covertido em reais, o valor gira\u00a0em torno de R$ 6,5\u00a0milh\u00f5es. As fotos dos dois j\u00e1 foram divulgadas\u00a0por\u00e9m suas identidades ainda n\u00e3o foram informadas.<\/p>\n<p style=\"text-align: justify;\">De acordo com a PRF, durante fiscaliza\u00e7\u00e3o de um \u00f4nibus de itiner\u00e1rio Campo Grande-Corumb\u00e1, foi feita a abordagem em um casal que transportava v\u00e1rios embrulhos de presentes com \u201cconte\u00fado n\u00e3o informado\u201d.<\/p>\n<p style=\"text-align: justify;\">Devido ao nervosismo e informa\u00e7\u00f5es desencontradas do casal, os policiais abriram os inv\u00f3lucros\u00a0e constataram v\u00e1rios ma\u00e7os de d\u00f3lares. Ainda segundo a PRF, a contagem n\u00e3o foi finalizada, mas dever\u00e1 ser o maior valor de d\u00f3lares j\u00e1 apreendidos em \u00f4nibus pela PRF.<\/p>\n<p style=\"text-align: justify;\">O casal e o dinheiro foram levados \u00e0 delegacia da Pol\u00edcia Federal, onde\u00a0est\u00e1 sendo feita a contagem do dinheiro e a pris\u00e3o em flagrante do casal.<\/p>\n<h2 style=\"text-align: justify;\">\u00a0Opera\u00e7\u00e3o \u2018Corumb\u00e1 Segura II\u2019<\/h2>\n<p style=\"text-align: justify;\">A Opera\u00e7\u00e3o \u2018Corumb\u00e1 Segura II\u2019 deflagrada pelo GGI-Fron (Gabinete de Gest\u00e3o Integrada de Fronteira) realiza o patrulhamento nas entradas e sa\u00eddas da cidade para a repress\u00e3o a crimes na fronteira. Como no caso da apreens\u00e3o, tamb\u00e9m s\u00e3o realizadas a vistoria em ve\u00edculos e buscas foragidos da Justi\u00e7a.<\/p>\n<p style=\"text-align: justify;\">A Pol\u00edcia Militar, Dof (Departamento de Opera\u00e7\u00f5es de Fronteira), Pol\u00edcia Civil, PRF (Pol\u00edcia Rodovi\u00e1ria Federal), Policia Federal, PMRv (Pol\u00edcia Militar Rodovi\u00e1ria); Guarda Municipal, Agetrat; Marinha e \u00f3rg\u00e3os de seguran\u00e7a participam da opera\u00e7\u00e3o.<\/p>\n<h2 style=\"text-align: justify;\">&#8216;Opera\u00e7\u00e3o Quijarro&#8217;<\/h2>\n<p style=\"text-align: justify;\">No \u00faltimo dia 29, a Pol\u00edcia Federal cumpre mandados de pris\u00e3o, busca e apreens\u00e3o e condu\u00e7\u00e3o coercitiva em tr\u00eas estados, Paran\u00e1, Mato Grosso do Sul e S\u00e3o Paulo. A a\u00e7\u00e3o faz parte da denominada &#8216;Opera\u00e7\u00e3o Quijarro&#8217; e desmantela um grupo que transportava da Bol\u00edvia para o Brasil, atrav\u00e9s do MS, at\u00e9 duas toneladas de coca\u00edna por m\u00eas.<\/p>\n<p style=\"text-align: justify;\">Segundo a PF, participam da a\u00e7\u00e3o 150 policiais federais, que cumprem 81 mandados judiciais, 14 mandados de pris\u00e3o preventiva, 17 de busca e apreens\u00e3o de im\u00f3veis, 43 de busca e apreens\u00e3o de ve\u00edculos e 7 de condu\u00e7\u00e3o coercitiva. Os mandados s\u00e3o cumpridos em Londrina e Arauc\u00e1ria (PR), Corumb\u00e1 (MS), Martin\u00f3polis, Presidente Prudente e S\u00e3o Paulo (SP).<\/p>\n<p style=\"text-align: justify;\"><a href=\"https:\/\/ocorreionews.com.br\/wp-content\/uploads\/2016\/07\/dolar2_0.jpg\"><img loading=\"lazy\" decoding=\"async\" class=\"alignnone size-medium wp-image-31452\" src=\"https:\/\/ocorreionews.com.br\/wp-content\/uploads\/2016\/07\/dolar2_0-300x222.jpg\" alt=\"dolar2_0\" width=\"300\" height=\"222\" srcset=\"https:\/\/www.ocorreionews.com.br\/acervo-correio\/wp-content\/uploads\/2016\/07\/dolar2_0-300x222.jpg 300w, https:\/\/www.ocorreionews.com.br\/acervo-correio\/wp-content\/uploads\/2016\/07\/dolar2_0-100x75.jpg 100w, https:\/\/www.ocorreionews.com.br\/acervo-correio\/wp-content\/uploads\/2016\/07\/dolar2_0.jpg 650w\" sizes=\"auto, (max-width: 300px) 100vw, 300px\" \/><\/a><\/p>\n<p style=\"text-align: justify;\">As investiga\u00e7\u00f5es come\u00e7aram em janeiro de 2015 e analisavam um grupo respons\u00e1vel pela log\u00edstica do transporte da coca\u00edna em Londrina, com ramifica\u00e7\u00f5es no Brasil, Bol\u00edvia, Col\u00f4mbia e Espanha. A Pol\u00edcia Federal, em coopera\u00e7\u00e3o internacional com a pol\u00edcia boliviana, conseguiu prender os traficantes mais procurados naquele pa\u00eds, respons\u00e1veis pela entrada de duas toneladas de coca\u00edna por m\u00eas no Brasil.<\/p>\n<p style=\"text-align: justify;\"><a href=\"https:\/\/ocorreionews.com.br\/wp-content\/uploads\/2016\/07\/fotosalva.jpg\"><img loading=\"lazy\" decoding=\"async\" class=\"alignnone size-medium wp-image-31453\" src=\"https:\/\/ocorreionews.com.br\/wp-content\/uploads\/2016\/07\/fotosalva-300x222.jpg\" alt=\"fotosalva\" width=\"300\" height=\"222\" srcset=\"https:\/\/www.ocorreionews.com.br\/acervo-correio\/wp-content\/uploads\/2016\/07\/fotosalva-300x222.jpg 300w, https:\/\/www.ocorreionews.com.br\/acervo-correio\/wp-content\/uploads\/2016\/07\/fotosalva-100x75.jpg 100w, https:\/\/www.ocorreionews.com.br\/acervo-correio\/wp-content\/uploads\/2016\/07\/fotosalva.jpg 650w\" sizes=\"auto, (max-width: 300px) 100vw, 300px\" \/><\/a><\/p>\n<p style=\"text-align: justify;\">Conforme nota divulgada pela PF, a coca\u00edna era transportada em caminh\u00f5es e carretas com fundos falsos, preparados pra o transporte da droga. Durante as investiga\u00e7\u00f5es foram apreendidas mais de 3 toneladas de coca\u00edna e US$ 10 foram sequestrados do n\u00facleo boliviano. No Brasil foram identificados os im\u00f3veis utilizados para carregamento, descarregamento e &#8216;confec\u00e7\u00e3o&#8217; de fundos falsos nos ve\u00edculos.<\/p>\n<p style=\"text-align: justify;\">Tamb\u00e9m no Brasil foram sequestrados 7 im\u00f3veis, al\u00e9m de v\u00e1rias contas banc\u00e1rias bloqueadas. Os presos responder\u00e3o por tr\u00e1fico internacional de drogas, lavagem de dinheiro, associa\u00e7\u00e3o para o tr\u00e1fico, falsifica\u00e7\u00e3o de documentos p\u00fablicos e privados, furto, homic\u00eddio, roubo e organiza\u00e7\u00e3o criminosa, somando mais de 20 anos de pris\u00e3o.<\/p>\n<p style=\"text-align: justify;\">De acordo com a Pol\u00edcia Federal, o nome da opera\u00e7\u00e3o &#8216;Quijarro&#8217;, se deve ao fato que a organiza\u00e7\u00e3o ingressava no Brasil atrav\u00e9s do Puerto Quijarro, na Bol\u00edvia, fronteira com Corumb\u00e1.<\/p>\n<p style=\"text-align: justify;\"><span class=\"author\">Diego Alves<\/span> midiamax<\/p>\n","protected":false},"excerpt":{"rendered":"<p>A PRF (Pol\u00edcia Rodovi\u00e1ria Federal) e o Dof (Departamento de Opera\u00e7\u00e3o de Fronteira) apreenderam em torno US$ 2 milh\u00f5es\u00a0durante um bloqueio da Opera\u00e7\u00e3o \u201cCorumb\u00e1 Segura II\u201d no KM 772 da BR-262 em Corumb\u00e1, na noite deste s\u00e1bado (09). Covertido em reais, o valor gira\u00a0em torno de R$ 6,5\u00a0milh\u00f5es. As fotos dos dois j\u00e1 foram divulgadas\u00a0por\u00e9m [&hellip;]<\/p>\n","protected":false},"author":4,"featured_media":31451,"comment_status":"closed","ping_status":"closed","sticky":false,"template":"","format":"standard","meta":{"footnotes":""},"categories":[38],"tags":[],"class_list":["post-31450","post","type-post","status-publish","format-standard","has-post-thumbnail","hentry","category-policia"],"_links":{"self":[{"href":"https:\/\/www.ocorreionews.com.br\/acervo-correio\/index.php?rest_route=\/wp\/v2\/posts\/31450","targetHints":{"allow":["GET"]}}],"collection":[{"href":"https:\/\/www.ocorreionews.com.br\/acervo-correio\/index.php?rest_route=\/wp\/v2\/posts"}],"about":[{"href":"https:\/\/www.ocorreionews.com.br\/acervo-correio\/index.php?rest_route=\/wp\/v2\/types\/post"}],"author":[{"embeddable":true,"href":"https:\/\/www.ocorreionews.com.br\/acervo-correio\/index.php?rest_route=\/wp\/v2\/users\/4"}],"replies":[{"embeddable":true,"href":"https:\/\/www.ocorreionews.com.br\/acervo-correio\/index.php?rest_route=%2Fwp%2Fv2%2Fcomments&post=31450"}],"version-history":[{"count":0,"href":"https:\/\/www.ocorreionews.com.br\/acervo-correio\/index.php?rest_route=\/wp\/v2\/posts\/31450\/revisions"}],"wp:featuredmedia":[{"embeddable":true,"href":"https:\/\/www.ocorreionews.com.br\/acervo-correio\/index.php?rest_route=\/wp\/v2\/media\/31451"}],"wp:attachment":[{"href":"https:\/\/www.ocorreionews.com.br\/acervo-correio\/index.php?rest_route=%2Fwp%2Fv2%2Fmedia&parent=31450"}],"wp:term":[{"taxonomy":"category","embeddable":true,"href":"https:\/\/www.ocorreionews.com.br\/acervo-correio\/index.php?rest_route=%2Fwp%2Fv2%2Fcategories&post=31450"},{"taxonomy":"post_tag","embeddable":true,"href":"https:\/\/www.ocorreionews.com.br\/acervo-correio\/index.php?rest_route=%2Fwp%2Fv2%2Ftags&post=31450"}],"curies":[{"name":"wp","href":"https:\/\/api.w.org\/{rel}","templated":true}]}}