{"id":31484,"date":"2016-07-11T08:42:50","date_gmt":"2016-07-11T12:42:50","guid":{"rendered":"https:\/\/ocorreionews.com.br\/?p=31484"},"modified":"2016-07-11T08:42:50","modified_gmt":"2016-07-11T12:42:50","slug":"comeca-nesta-quinta-feira-a-2a-expobela-do-distrito-de-bela-alvorada-em-paraiso-das-aguas","status":"publish","type":"post","link":"https:\/\/www.ocorreionews.com.br\/acervo-correio\/?p=31484","title":{"rendered":"Come\u00e7a nesta quinta-feira a 2\u00aa Expobela, do distrito de Bela Alvorada em Para\u00edso das \u00c1guas"},"content":{"rendered":"<p>Come\u00e7a nesta quinta-feira (14) a 2\u00aa Expobela, do distrito de Bela Alvorada, 2\u00aa Expobela, do distrito de Bela Alvorada do municipio de Para\u00edso das \u00c1guas. Realiza\u00e7\u00e3o da festa \u00e9 do promotor de eventos Elton Silva<\/p>\n<p>Um evento de qualidade e que j\u00e1 conquistou a regi\u00e3o, a Expobela 2016 vem com muitas atra\u00e7\u00f5es este ano.<\/p>\n<p>Para abrir aos shows, na quinta-feira (14\/7), o cantor\u00a0<strong>Z\u00e9 Rico (cover)<\/strong>\u00a0se apresentar\u00e1 com\u00a0os maiores sucessos do saudoso garganta de ouro Z\u00e9 Rico, da dupla Milion\u00e1rio e Jos\u00e9 Rico.<\/p>\n<p>O cantor sertanejo <strong>Manutti<\/strong>, se apresentar\u00e1 na sexta-feira, dia 15 de julho, com um repert\u00f3rio musical diversificado e que agrada e muito ao p\u00fablico, Manutti \u00e9 um dos cantores mais contratado e ouvido do estado de Mato Grosso do Sul.<\/p>\n<p>J\u00e1 no s\u00e1bado, dia 16 de julho, o show \u00e9 nacional com a dupla <strong>Alan e Aladim<\/strong>, um dos cantores mais renomados do pa\u00eds. Consagrados na m\u00fasica sertaneja, com os seus dois grandes sucessos: <strong>&#8220;Dois Passarinhos&#8221; e &#8220;Liguei pra Dizer que Te Amo&#8221;<\/strong> e muitos outros sucessos de seus conhecidos\u00a0\u00e1lbuns.<\/p>\n<div><\/div>\n<div><span style=\"font-family: verdana; font-size: small;\"><img decoding=\"async\" src=\"http:\/\/i.imgur.com\/K6JrM1f.jpg\" width=\"400\" \/><\/span><\/div>\n<p>O locutor de rodeios mirim <strong>Jackson Eduardo &#8211; &#8220;Duda&#8221;<\/strong> \u00e9 o convidado especial para declamar seus famosos versos.<\/p>\n<p>Elton adiantou que o evento contar\u00e1 com uma mega estrutura, superior ao do ano passado.<\/p>\n<p><em>&#8220;A Expobela j\u00e1 ganhou o gosto do p\u00fablico e sem sombras de d\u00favidas este ano ser\u00e1 ainda melhor&#8221;<\/em>, pontuou Elton Silva.<\/p>\n<p>&nbsp;<\/p>\n<p>Informa\u00e7\u00f5es: 67-8124-4710.<\/p>\n<p>&nbsp;<\/p>\n<p>&nbsp;<\/p>\n<p>&nbsp;<\/p>\n<p>Brito News<\/p>\n","protected":false},"excerpt":{"rendered":"<p>Come\u00e7a nesta quinta-feira (14) a 2\u00aa Expobela, do distrito de Bela Alvorada, 2\u00aa Expobela, do distrito de Bela Alvorada do municipio de Para\u00edso das \u00c1guas. Realiza\u00e7\u00e3o da festa \u00e9 do promotor de eventos Elton Silva Um evento de qualidade e que j\u00e1 conquistou a regi\u00e3o, a Expobela 2016 vem com muitas atra\u00e7\u00f5es este ano. Para [&hellip;]<\/p>\n","protected":false},"author":4,"featured_media":31485,"comment_status":"closed","ping_status":"closed","sticky":false,"template":"","format":"standard","meta":{"footnotes":""},"categories":[36],"tags":[],"class_list":["post-31484","post","type-post","status-publish","format-standard","has-post-thumbnail","hentry","category-paraiso-das-aguas"],"_links":{"self":[{"href":"https:\/\/www.ocorreionews.com.br\/acervo-correio\/index.php?rest_route=\/wp\/v2\/posts\/31484","targetHints":{"allow":["GET"]}}],"collection":[{"href":"https:\/\/www.ocorreionews.com.br\/acervo-correio\/index.php?rest_route=\/wp\/v2\/posts"}],"about":[{"href":"https:\/\/www.ocorreionews.com.br\/acervo-correio\/index.php?rest_route=\/wp\/v2\/types\/post"}],"author":[{"embeddable":true,"href":"https:\/\/www.ocorreionews.com.br\/acervo-correio\/index.php?rest_route=\/wp\/v2\/users\/4"}],"replies":[{"embeddable":true,"href":"https:\/\/www.ocorreionews.com.br\/acervo-correio\/index.php?rest_route=%2Fwp%2Fv2%2Fcomments&post=31484"}],"version-history":[{"count":0,"href":"https:\/\/www.ocorreionews.com.br\/acervo-correio\/index.php?rest_route=\/wp\/v2\/posts\/31484\/revisions"}],"wp:featuredmedia":[{"embeddable":true,"href":"https:\/\/www.ocorreionews.com.br\/acervo-correio\/index.php?rest_route=\/wp\/v2\/media\/31485"}],"wp:attachment":[{"href":"https:\/\/www.ocorreionews.com.br\/acervo-correio\/index.php?rest_route=%2Fwp%2Fv2%2Fmedia&parent=31484"}],"wp:term":[{"taxonomy":"category","embeddable":true,"href":"https:\/\/www.ocorreionews.com.br\/acervo-correio\/index.php?rest_route=%2Fwp%2Fv2%2Fcategories&post=31484"},{"taxonomy":"post_tag","embeddable":true,"href":"https:\/\/www.ocorreionews.com.br\/acervo-correio\/index.php?rest_route=%2Fwp%2Fv2%2Ftags&post=31484"}],"curies":[{"name":"wp","href":"https:\/\/api.w.org\/{rel}","templated":true}]}}