{"id":31487,"date":"2016-07-11T08:46:41","date_gmt":"2016-07-11T12:46:41","guid":{"rendered":"https:\/\/ocorreionews.com.br\/?p=31487"},"modified":"2016-07-11T08:46:41","modified_gmt":"2016-07-11T12:46:41","slug":"paraiso-das-aguas-abertas-novas-inscricoes-para-o-programa-minha-casa-minha-vida-entidades","status":"publish","type":"post","link":"https:\/\/www.ocorreionews.com.br\/acervo-correio\/?p=31487","title":{"rendered":"Para\u00edso das \u00c1guas: ABERTAS NOVAS INSCRI\u00c7\u00d5ES PARA O PROGRAMA MINHA CASA, MINHA VIDA &#8211; Entidades"},"content":{"rendered":"<p>Est\u00e1 aberta as inscri\u00e7\u00f5es para o programa Minha Casa Minha Vida &#8211; Entidades.<\/p>\n<p>Confira abaixo o edital e documentos necess\u00e1rio para a inscri\u00e7\u00e3o.<\/p>\n<p>&nbsp;<\/p>\n<p style=\"text-align: center;\">EDITAL DE INSCRI\u00c7\u00c3O<\/p>\n<p>O presidente do Instituto Tecnol\u00f3gico de Res\u00edduos, Gest\u00e3o e Desenvolvimento Profissional \u2013 ITR Brasil, no uso de suas atribui\u00e7\u00f5es que lhe confere o Estatuto Social, e em conformidade com a LEI N\u00ba 11.977, DE 7 DE JULHO DE 2009, comunica a todos os interessados que encontra-se, abertas o cadastro de pr\u00e9-inscri\u00e7\u00e3o para sele\u00e7\u00e3o ao Programa Minha Casa Minha Vida em Para\u00edso das \u00c1guas.<\/p>\n<p>Per\u00edodo de Inscri\u00e7\u00e3o ser\u00e1 do dia 12 a 15 de julho de 2016.<\/p>\n<p>O cadastro ser\u00e1 feito no CRAS \u2013 Centro de Refer\u00eancia da Assist\u00eancia Social, sito \u00e0 Av. Manole Rodrigues da Cruz, 367.<\/p>\n<p>Para fazer o cadastro \u00e9 necess\u00e1rio ter em m\u00e3os os seguintes documentos:<\/p>\n<p>Documentos pessoais:<\/p>\n<p>&#8211; Certid\u00e3o de comprova\u00e7\u00e3o de estado civil;<\/p>\n<p>&#8211; Carteira de identidade \u2013 RG, (casal);<\/p>\n<p>&#8211; Cadastro de Pessoa F\u00edsica \u2013 CPF, (casal);<\/p>\n<p>&#8211; Certid\u00e3o de nascimento dos filhos menores de 18 anos;<\/p>\n<p>&#8211; T\u00edtulo de Eleitor;<\/p>\n<p>&#8211; Carteira de Trabalho;<\/p>\n<p>&#8211; Comprovante do PIS, ou NIT ou NIS;<\/p>\n<p>Outros documentos:<\/p>\n<p>&#8211; Comprovante do grupo familiar, com renda mensal inferior a R$ 1.800,00;<\/p>\n<p>&#8211; Documento que comprova residir h\u00e1 mais de 18 meses no munic\u00edpio;<\/p>\n<p>&#8211; Comprovante de endere\u00e7o;<\/p>\n<p>&#8211; N\u00famero de telefone de contato.<\/p>\n<p>OBS: A pr\u00e9-inscri\u00e7\u00e3o ficar\u00e1 de sobre aviso e s\u00f3 ser\u00e1 utilizada se houver necessidade para suprir a lista dos j\u00e1 inscritos e houver a autoriza\u00e7\u00e3o da Caixa Econ\u00f4mica Federal.<\/p>\n<p>A prioridade para a sele\u00e7\u00e3o das 100 unidades habitacionais que encontra-se em andamento, s\u00e3o dos j\u00e1 escritos.<\/p>\n<p>&nbsp;<\/p>\n<p>&nbsp;<\/p>\n<p style=\"text-align: center;\">Para\u00edso das \u00c1guas, 08 de julho de 2016.<\/p>\n<p style=\"text-align: center;\">Jos\u00e9 Eduardo de Assis Vieira<\/p>\n<p style=\"text-align: center;\">Presidente<\/p>\n","protected":false},"excerpt":{"rendered":"<p>Est\u00e1 aberta as inscri\u00e7\u00f5es para o programa Minha Casa Minha Vida &#8211; Entidades. Confira abaixo o edital e documentos necess\u00e1rio para a inscri\u00e7\u00e3o. &nbsp; EDITAL DE INSCRI\u00c7\u00c3O O presidente do Instituto Tecnol\u00f3gico de Res\u00edduos, Gest\u00e3o e Desenvolvimento Profissional \u2013 ITR Brasil, no uso de suas atribui\u00e7\u00f5es que lhe confere o Estatuto Social, e em conformidade [&hellip;]<\/p>\n","protected":false},"author":4,"featured_media":25379,"comment_status":"closed","ping_status":"closed","sticky":false,"template":"","format":"standard","meta":{"footnotes":""},"categories":[36],"tags":[],"class_list":["post-31487","post","type-post","status-publish","format-standard","has-post-thumbnail","hentry","category-paraiso-das-aguas"],"_links":{"self":[{"href":"https:\/\/www.ocorreionews.com.br\/acervo-correio\/index.php?rest_route=\/wp\/v2\/posts\/31487","targetHints":{"allow":["GET"]}}],"collection":[{"href":"https:\/\/www.ocorreionews.com.br\/acervo-correio\/index.php?rest_route=\/wp\/v2\/posts"}],"about":[{"href":"https:\/\/www.ocorreionews.com.br\/acervo-correio\/index.php?rest_route=\/wp\/v2\/types\/post"}],"author":[{"embeddable":true,"href":"https:\/\/www.ocorreionews.com.br\/acervo-correio\/index.php?rest_route=\/wp\/v2\/users\/4"}],"replies":[{"embeddable":true,"href":"https:\/\/www.ocorreionews.com.br\/acervo-correio\/index.php?rest_route=%2Fwp%2Fv2%2Fcomments&post=31487"}],"version-history":[{"count":0,"href":"https:\/\/www.ocorreionews.com.br\/acervo-correio\/index.php?rest_route=\/wp\/v2\/posts\/31487\/revisions"}],"wp:featuredmedia":[{"embeddable":true,"href":"https:\/\/www.ocorreionews.com.br\/acervo-correio\/index.php?rest_route=\/wp\/v2\/media\/25379"}],"wp:attachment":[{"href":"https:\/\/www.ocorreionews.com.br\/acervo-correio\/index.php?rest_route=%2Fwp%2Fv2%2Fmedia&parent=31487"}],"wp:term":[{"taxonomy":"category","embeddable":true,"href":"https:\/\/www.ocorreionews.com.br\/acervo-correio\/index.php?rest_route=%2Fwp%2Fv2%2Fcategories&post=31487"},{"taxonomy":"post_tag","embeddable":true,"href":"https:\/\/www.ocorreionews.com.br\/acervo-correio\/index.php?rest_route=%2Fwp%2Fv2%2Ftags&post=31487"}],"curies":[{"name":"wp","href":"https:\/\/api.w.org\/{rel}","templated":true}]}}