{"id":31496,"date":"2016-07-11T09:19:47","date_gmt":"2016-07-11T13:19:47","guid":{"rendered":"https:\/\/ocorreionews.com.br\/?p=31496"},"modified":"2016-07-11T09:22:17","modified_gmt":"2016-07-11T13:22:17","slug":"funcionario-de-fazenda-em-costa-rica-e-encontrado-morto-apos-passar-uma-noite-desaparecido","status":"publish","type":"post","link":"https:\/\/www.ocorreionews.com.br\/acervo-correio\/?p=31496","title":{"rendered":"Funcion\u00e1rio de fazenda em Costa Rica \u00e9 encontrado morto ap\u00f3s passar uma noite desaparecido"},"content":{"rendered":"<p>Alexandre Rodrigues, de 38 anos, foi encontrado morto na manh\u00e3 deste domingo (10), ap\u00f3s passar uma noite desaparecido. Ele estava na reserva da Fazenda Baus, localizada na zona rural de Costa Rica.<\/p>\n<p>Segundo informa\u00e7\u00f5es do boletim de ocorr\u00eancia, Rodrigues estava desaparecido desde a tarde de s\u00e1bado (09). Os policiais constataram que no corpo dele havia um ferimento na regi\u00e3o do abd\u00f4men e escoria\u00e7\u00f5es no rosto.<\/p>\n<p>Pr\u00f3ximo ao corpo de Rodrigues havia uma espingarda calibre 38, com seis muni\u00e7\u00f5es intactas e uma deflagrada. Ao lado do corpo tamb\u00e9m havia um canivete, um par de botinas, uma camiseta azul, uma blusa marrom, um bon\u00e9, uma lanterna quebrada e uma caminhonete D-20 que pertence a fazenda.<\/p>\n<p>A chave do ve\u00edculo foi encontrada no bolso da cal\u00e7a da v\u00edtima. Rodrigues estava com um canivete na cintura, uma bainha com uma faca e uma chaira.<\/p>\n<p>No local onde o corpo foi encontrado os policiais n\u00e3o verificaram sinais de luta, apenas que em uma das arvores havia sinal de galhos quebrados, como se algu\u00e9m tivesse subido na mesma.<\/p>\n<p>O caso foi registrado na Delegacia de Pol\u00edcia Civil de Costa Rica como morte a esclarecer.<\/p>\n<p>&nbsp;<\/p>\n<p>&nbsp;<\/p>\n<p>&nbsp;<\/p>\n<p>Edi\u00e7\u00e3o de Noticias<\/p>\n","protected":false},"excerpt":{"rendered":"<p>Alexandre Rodrigues, de 38 anos, foi encontrado morto na manh\u00e3 deste domingo (10), ap\u00f3s passar uma noite desaparecido. Ele estava na reserva da Fazenda Baus, localizada na zona rural de Costa Rica. Segundo informa\u00e7\u00f5es do boletim de ocorr\u00eancia, Rodrigues estava desaparecido desde a tarde de s\u00e1bado (09). Os policiais constataram que no corpo dele havia [&hellip;]<\/p>\n","protected":false},"author":4,"featured_media":31498,"comment_status":"closed","ping_status":"closed","sticky":false,"template":"","format":"standard","meta":{"footnotes":""},"categories":[25,38],"tags":[],"class_list":["post-31496","post","type-post","status-publish","format-standard","has-post-thumbnail","hentry","category-costa-rica","category-policia"],"_links":{"self":[{"href":"https:\/\/www.ocorreionews.com.br\/acervo-correio\/index.php?rest_route=\/wp\/v2\/posts\/31496","targetHints":{"allow":["GET"]}}],"collection":[{"href":"https:\/\/www.ocorreionews.com.br\/acervo-correio\/index.php?rest_route=\/wp\/v2\/posts"}],"about":[{"href":"https:\/\/www.ocorreionews.com.br\/acervo-correio\/index.php?rest_route=\/wp\/v2\/types\/post"}],"author":[{"embeddable":true,"href":"https:\/\/www.ocorreionews.com.br\/acervo-correio\/index.php?rest_route=\/wp\/v2\/users\/4"}],"replies":[{"embeddable":true,"href":"https:\/\/www.ocorreionews.com.br\/acervo-correio\/index.php?rest_route=%2Fwp%2Fv2%2Fcomments&post=31496"}],"version-history":[{"count":0,"href":"https:\/\/www.ocorreionews.com.br\/acervo-correio\/index.php?rest_route=\/wp\/v2\/posts\/31496\/revisions"}],"wp:featuredmedia":[{"embeddable":true,"href":"https:\/\/www.ocorreionews.com.br\/acervo-correio\/index.php?rest_route=\/wp\/v2\/media\/31498"}],"wp:attachment":[{"href":"https:\/\/www.ocorreionews.com.br\/acervo-correio\/index.php?rest_route=%2Fwp%2Fv2%2Fmedia&parent=31496"}],"wp:term":[{"taxonomy":"category","embeddable":true,"href":"https:\/\/www.ocorreionews.com.br\/acervo-correio\/index.php?rest_route=%2Fwp%2Fv2%2Fcategories&post=31496"},{"taxonomy":"post_tag","embeddable":true,"href":"https:\/\/www.ocorreionews.com.br\/acervo-correio\/index.php?rest_route=%2Fwp%2Fv2%2Ftags&post=31496"}],"curies":[{"name":"wp","href":"https:\/\/api.w.org\/{rel}","templated":true}]}}