{"id":31499,"date":"2016-07-11T09:28:24","date_gmt":"2016-07-11T13:28:24","guid":{"rendered":"https:\/\/ocorreionews.com.br\/?p=31499"},"modified":"2016-07-11T09:52:51","modified_gmt":"2016-07-11T13:52:51","slug":"casal-que-iam-participar-de-encontro-de-motoqueiros-morrem-em-jatai","status":"publish","type":"post","link":"https:\/\/www.ocorreionews.com.br\/acervo-correio\/?p=31499","title":{"rendered":"Casal que iam participar de encontro de motoqueiros morrem em Jatai"},"content":{"rendered":"<p>O empresario \u00a0<strong>rio-verdense<\/strong>\u00a0Astolfo Gon\u00e7alves de Oliveira Junior de 47 anos e sua namorada Mirian Aparecida G. da Silva\u00a0 de 28,\u00a0morreram ap\u00f3s a motocicleta em que viajavam colidir na traseira de um caminh\u00e3o na BR-060, na tarde da \u00faltima sexta-feira, 8, pr\u00f3ximo a <strong>Jatai<\/strong>, no sudoeste do estado<strong><a href=\"http:\/\/plantaojti.com.br\/noticias\/acidente-nesta-tarde-na-br-060-entre-jatai-e-rio-verde-deixa-vitima-fatal\/\" target=\"_blank\"> (relembre o caso)<\/a><\/strong>.<\/p>\n<p>O casal seguia em uma motocicleta Importada, de alta pot\u00eancia, quando bateu no caminh\u00e3o carregado com milho. O caminh\u00e3o seguia na dire\u00e7\u00e3o de <strong>Rio Verde<\/strong> para <strong>Jata\u00ed<\/strong>, mesma dire\u00e7\u00e3o da moto, na faixa da direita em um trecho de pista dupla<span class=\"text_exposed_show\">.<\/span><\/p>\n<div class=\"text_exposed_show\">\n<p>A PRF acredita que a alta velocidade pode ter contribu\u00eddo para a ocorr\u00eancia da colis\u00e3o, j\u00e1 que o tempo estava claro, com boa visibilidade e a pista em bom estado de conserva\u00e7\u00e3o e sinaliza\u00e7\u00e3o.<\/p>\n<p>O condutor, de 47 anos, morreu no momento do impacto. A passageira, de 28, ainda recebeu atendimento m\u00e9dico no local, mas n\u00e3o resistiu aos ferimentos.<\/p>\n<p>Fonte\/ PRF<\/p>\n<\/div>\n<div id=\"attachment_47406\" class=\"wp-caption alignleft\">\n<p><a href=\"http:\/\/plantaojti.com.br\/wp-content\/uploads\/2016\/07\/13315365_820800538051315_7598316917642776885_n.jpg\" rel=\"lightbox-0\"><img loading=\"lazy\" decoding=\"async\" class=\" wp-image-47406\" src=\"http:\/\/plantaojti.com.br\/wp-content\/uploads\/2016\/07\/13315365_820800538051315_7598316917642776885_n-300x166.jpg\" alt=\"V\u00edtimas Fatais: Astolfo Gon\u00e7alves de Oliveira Junior e Mirian Aparecida G. da Silva.\" width=\"211\" height=\"117\" \/><\/a><\/p>\n<p class=\"wp-caption-text\">V\u00edtimas Fatais: Astolfo Gon\u00e7alves de Oliveira Junior e Mirian Aparecida G. da Silva.<\/p>\n<\/div>\n<p>&nbsp;<\/p>\n<p>&nbsp;<\/p>\n<div class=\"text_exposed_show\">\n<p><a href=\"https:\/\/ocorreionews.com.br\/wp-content\/uploads\/2016\/07\/caoa060moto.jpg\"><img loading=\"lazy\" decoding=\"async\" class=\"alignnone wp-image-31502 size-full\" src=\"https:\/\/ocorreionews.com.br\/wp-content\/uploads\/2016\/07\/caoa060moto.jpg\" alt=\"caoa060moto\" width=\"800\" height=\"356\" srcset=\"https:\/\/www.ocorreionews.com.br\/acervo-correio\/wp-content\/uploads\/2016\/07\/caoa060moto.jpg 800w, https:\/\/www.ocorreionews.com.br\/acervo-correio\/wp-content\/uploads\/2016\/07\/caoa060moto-300x134.jpg 300w, https:\/\/www.ocorreionews.com.br\/acervo-correio\/wp-content\/uploads\/2016\/07\/caoa060moto-768x342.jpg 768w\" sizes=\"auto, (max-width: 800px) 100vw, 800px\" \/><\/a><\/p>\n<p>O condutor, de 47 anos, morreu no momento do impacto. A passageira, de 28, ainda recebeu atendimento m\u00e9dico no local, mas n\u00e3o resistiu aos ferimentos.\u00a0 Segundo Informa\u00e7\u00f5es, eles estavam indo participar de um encontro de motos.<\/p>\n<p>Fonte\/ PRF<\/p>\n<\/div>\n","protected":false},"excerpt":{"rendered":"<p>O empresario \u00a0rio-verdense\u00a0Astolfo Gon\u00e7alves de Oliveira Junior de 47 anos e sua namorada Mirian Aparecida G. da Silva\u00a0 de 28,\u00a0morreram ap\u00f3s a motocicleta em que viajavam colidir na traseira de um caminh\u00e3o na BR-060, na tarde da \u00faltima sexta-feira, 8, pr\u00f3ximo a Jatai, no sudoeste do estado (relembre o caso). O casal seguia em uma [&hellip;]<\/p>\n","protected":false},"author":4,"featured_media":31500,"comment_status":"closed","ping_status":"closed","sticky":false,"template":"","format":"standard","meta":{"footnotes":""},"categories":[38],"tags":[],"class_list":["post-31499","post","type-post","status-publish","format-standard","has-post-thumbnail","hentry","category-policia"],"_links":{"self":[{"href":"https:\/\/www.ocorreionews.com.br\/acervo-correio\/index.php?rest_route=\/wp\/v2\/posts\/31499","targetHints":{"allow":["GET"]}}],"collection":[{"href":"https:\/\/www.ocorreionews.com.br\/acervo-correio\/index.php?rest_route=\/wp\/v2\/posts"}],"about":[{"href":"https:\/\/www.ocorreionews.com.br\/acervo-correio\/index.php?rest_route=\/wp\/v2\/types\/post"}],"author":[{"embeddable":true,"href":"https:\/\/www.ocorreionews.com.br\/acervo-correio\/index.php?rest_route=\/wp\/v2\/users\/4"}],"replies":[{"embeddable":true,"href":"https:\/\/www.ocorreionews.com.br\/acervo-correio\/index.php?rest_route=%2Fwp%2Fv2%2Fcomments&post=31499"}],"version-history":[{"count":0,"href":"https:\/\/www.ocorreionews.com.br\/acervo-correio\/index.php?rest_route=\/wp\/v2\/posts\/31499\/revisions"}],"wp:featuredmedia":[{"embeddable":true,"href":"https:\/\/www.ocorreionews.com.br\/acervo-correio\/index.php?rest_route=\/wp\/v2\/media\/31500"}],"wp:attachment":[{"href":"https:\/\/www.ocorreionews.com.br\/acervo-correio\/index.php?rest_route=%2Fwp%2Fv2%2Fmedia&parent=31499"}],"wp:term":[{"taxonomy":"category","embeddable":true,"href":"https:\/\/www.ocorreionews.com.br\/acervo-correio\/index.php?rest_route=%2Fwp%2Fv2%2Fcategories&post=31499"},{"taxonomy":"post_tag","embeddable":true,"href":"https:\/\/www.ocorreionews.com.br\/acervo-correio\/index.php?rest_route=%2Fwp%2Fv2%2Ftags&post=31499"}],"curies":[{"name":"wp","href":"https:\/\/api.w.org\/{rel}","templated":true}]}}