{"id":31511,"date":"2016-07-11T10:42:28","date_gmt":"2016-07-11T14:42:28","guid":{"rendered":"https:\/\/ocorreionews.com.br\/?p=31511"},"modified":"2016-07-11T10:42:28","modified_gmt":"2016-07-11T14:42:28","slug":"inscricao-para-curso-para-cuidador-de-idosos-sera-aberta-nesta-terca-feira-em-chapadao-do-sul","status":"publish","type":"post","link":"https:\/\/www.ocorreionews.com.br\/acervo-correio\/?p=31511","title":{"rendered":"Inscri\u00e7\u00e3o para curso para cuidador de idosos ser\u00e1 aberta nesta ter\u00e7a-feira em Chapad\u00e3o do Sul"},"content":{"rendered":"<p>Ser\u00e1 aberto nesta ter\u00e7a-feira, dia 12 de julho, o per\u00edodo de inscri\u00e7\u00e3o para curso de qualifica\u00e7\u00e3o para cuidador de idosos, de forma gratuita, aberto a toda popula\u00e7\u00e3o.<\/p>\n<p>Para fazer a inscri\u00e7\u00e3o, o candidato deve possuir idade m\u00ednima de 18 anos e a escolaridade m\u00ednima exigida \u00e9 de ensino fundamental completo.<\/p>\n<p>Ser\u00e3o 25 vagas e caso o n\u00famero de candidatos seja superior ao de vagas haver\u00e1 uma sele\u00e7\u00e3o atrav\u00e9s de prova te\u00f3rica, aplicada pelos t\u00e9cnicos da ETSUS.<\/p>\n<p>O candidato que tiver interesse em fazer o curso dever\u00e1 preencher a ficha de inscri\u00e7\u00e3o fornecida pelo ESF CENTRAL e entregue no mesmo local.<\/p>\n<p>As inscri\u00e7\u00f5es ser\u00e3o realizadas na pr\u00f3pria unidade a partir do dia 12 DE JULHO\/2016 at\u00e9 23 de JULHO\/2016, no per\u00edodo da TARDE.<\/p>\n<p>As aulas ser\u00e3o ministradas no per\u00edodo noturno, duas vezes por semana e em local a ser confirmado pelo munic\u00edpio.<\/p>\n<p>Estima-se que o in\u00edcio das aulas ocorra no m\u00eas de AGOSTO\/2016 e a dura\u00e7\u00e3o ser\u00e1 de 05 meses.<\/p>\n<p>O material did\u00e1tico e a certifica\u00e7\u00e3o ser\u00e3o oferecidos pela ETSUS.<\/p>\n<p>Mais informa\u00e7\u00f5es pelos Telefones de contato: (67) 3562-1782 &#8211; 9 9651-0862<\/p>\n<p>&nbsp;<\/p>\n<p>&nbsp;<\/p>\n<p>&nbsp;<\/p>\n<p>Assecom PMCS<\/p>\n","protected":false},"excerpt":{"rendered":"<p>Ser\u00e1 aberto nesta ter\u00e7a-feira, dia 12 de julho, o per\u00edodo de inscri\u00e7\u00e3o para curso de qualifica\u00e7\u00e3o para cuidador de idosos, de forma gratuita, aberto a toda popula\u00e7\u00e3o. Para fazer a inscri\u00e7\u00e3o, o candidato deve possuir idade m\u00ednima de 18 anos e a escolaridade m\u00ednima exigida \u00e9 de ensino fundamental completo. Ser\u00e3o 25 vagas e caso [&hellip;]<\/p>\n","protected":false},"author":4,"featured_media":31512,"comment_status":"closed","ping_status":"closed","sticky":false,"template":"","format":"standard","meta":{"footnotes":""},"categories":[23],"tags":[],"class_list":["post-31511","post","type-post","status-publish","format-standard","has-post-thumbnail","hentry","category-chapadao-do-sul"],"_links":{"self":[{"href":"https:\/\/www.ocorreionews.com.br\/acervo-correio\/index.php?rest_route=\/wp\/v2\/posts\/31511","targetHints":{"allow":["GET"]}}],"collection":[{"href":"https:\/\/www.ocorreionews.com.br\/acervo-correio\/index.php?rest_route=\/wp\/v2\/posts"}],"about":[{"href":"https:\/\/www.ocorreionews.com.br\/acervo-correio\/index.php?rest_route=\/wp\/v2\/types\/post"}],"author":[{"embeddable":true,"href":"https:\/\/www.ocorreionews.com.br\/acervo-correio\/index.php?rest_route=\/wp\/v2\/users\/4"}],"replies":[{"embeddable":true,"href":"https:\/\/www.ocorreionews.com.br\/acervo-correio\/index.php?rest_route=%2Fwp%2Fv2%2Fcomments&post=31511"}],"version-history":[{"count":0,"href":"https:\/\/www.ocorreionews.com.br\/acervo-correio\/index.php?rest_route=\/wp\/v2\/posts\/31511\/revisions"}],"wp:featuredmedia":[{"embeddable":true,"href":"https:\/\/www.ocorreionews.com.br\/acervo-correio\/index.php?rest_route=\/wp\/v2\/media\/31512"}],"wp:attachment":[{"href":"https:\/\/www.ocorreionews.com.br\/acervo-correio\/index.php?rest_route=%2Fwp%2Fv2%2Fmedia&parent=31511"}],"wp:term":[{"taxonomy":"category","embeddable":true,"href":"https:\/\/www.ocorreionews.com.br\/acervo-correio\/index.php?rest_route=%2Fwp%2Fv2%2Fcategories&post=31511"},{"taxonomy":"post_tag","embeddable":true,"href":"https:\/\/www.ocorreionews.com.br\/acervo-correio\/index.php?rest_route=%2Fwp%2Fv2%2Ftags&post=31511"}],"curies":[{"name":"wp","href":"https:\/\/api.w.org\/{rel}","templated":true}]}}