{"id":31568,"date":"2016-07-12T10:42:23","date_gmt":"2016-07-12T14:42:23","guid":{"rendered":"https:\/\/ocorreionews.com.br\/?p=31568"},"modified":"2016-07-12T10:42:23","modified_gmt":"2016-07-12T14:42:23","slug":"alcinopolis-vai-sediar-evento-turistico","status":"publish","type":"post","link":"https:\/\/www.ocorreionews.com.br\/acervo-correio\/?p=31568","title":{"rendered":"Alcin\u00f3polis vai sediar evento tur\u00edstico"},"content":{"rendered":"<div>No dia 14 de julho, Alcin\u00f3polis ser\u00e1 cen\u00e1rio de um evento que vai discutir a gest\u00e3o tur\u00edstica municipal envolvendo o poder p\u00fablico, mas, principalmente, os empres\u00e1rios locais. O encontro do F\u00f3rum Regional Rota Norte MS acontecer\u00e1 no Monumento Natural Serra do Bom Jardim e contar\u00e1 com a presen\u00e7a do presidente da Funda\u00e7\u00e3o de Turismo, Nelson Cintra, o secret\u00e1rio estadual de Cultura, Turismo e Inova\u00e7\u00e3o, Renato Roscol, e do doutor Noslin de Paula Almeida, professor da Universidade Federal de Mato Grosso do Sul.<\/div>\n<div><\/div>\n<div>O evento \u00e9 aberto ao p\u00fablico e os interessados em participar devem entrar em contato pelo telefone (67)3260-1739. A estrada que d\u00e1 acesso ao local da reuni\u00e3o foi reestruturada, permitindo o trafego de ve\u00edculos de pequeno porte.<\/div>\n<div>\u00a0<a href=\"https:\/\/ocorreionews.com.br\/wp-content\/uploads\/2016\/07\/Rota-Norte-MS-Alcinopolis.jpg\"><img loading=\"lazy\" decoding=\"async\" class=\"alignnone wp-image-31570 \" src=\"https:\/\/ocorreionews.com.br\/wp-content\/uploads\/2016\/07\/Rota-Norte-MS-Alcinopolis.jpg\" alt=\"Rota Norte MS Alcinopolis\" width=\"609\" height=\"430\" srcset=\"https:\/\/www.ocorreionews.com.br\/acervo-correio\/wp-content\/uploads\/2016\/07\/Rota-Norte-MS-Alcinopolis.jpg 630w, https:\/\/www.ocorreionews.com.br\/acervo-correio\/wp-content\/uploads\/2016\/07\/Rota-Norte-MS-Alcinopolis-300x212.jpg 300w\" sizes=\"auto, (max-width: 609px) 100vw, 609px\" \/><\/a><\/div>\n<div>Fonte: ASSECOM\\PMA<\/div>\n","protected":false},"excerpt":{"rendered":"<p>No dia 14 de julho, Alcin\u00f3polis ser\u00e1 cen\u00e1rio de um evento que vai discutir a gest\u00e3o tur\u00edstica municipal envolvendo o poder p\u00fablico, mas, principalmente, os empres\u00e1rios locais. O encontro do F\u00f3rum Regional Rota Norte MS acontecer\u00e1 no Monumento Natural Serra do Bom Jardim e contar\u00e1 com a presen\u00e7a do presidente da Funda\u00e7\u00e3o de Turismo, Nelson [&hellip;]<\/p>\n","protected":false},"author":4,"featured_media":31569,"comment_status":"closed","ping_status":"closed","sticky":false,"template":"","format":"standard","meta":{"footnotes":""},"categories":[18],"tags":[],"class_list":["post-31568","post","type-post","status-publish","format-standard","has-post-thumbnail","hentry","category-alcinopolis"],"_links":{"self":[{"href":"https:\/\/www.ocorreionews.com.br\/acervo-correio\/index.php?rest_route=\/wp\/v2\/posts\/31568","targetHints":{"allow":["GET"]}}],"collection":[{"href":"https:\/\/www.ocorreionews.com.br\/acervo-correio\/index.php?rest_route=\/wp\/v2\/posts"}],"about":[{"href":"https:\/\/www.ocorreionews.com.br\/acervo-correio\/index.php?rest_route=\/wp\/v2\/types\/post"}],"author":[{"embeddable":true,"href":"https:\/\/www.ocorreionews.com.br\/acervo-correio\/index.php?rest_route=\/wp\/v2\/users\/4"}],"replies":[{"embeddable":true,"href":"https:\/\/www.ocorreionews.com.br\/acervo-correio\/index.php?rest_route=%2Fwp%2Fv2%2Fcomments&post=31568"}],"version-history":[{"count":0,"href":"https:\/\/www.ocorreionews.com.br\/acervo-correio\/index.php?rest_route=\/wp\/v2\/posts\/31568\/revisions"}],"wp:featuredmedia":[{"embeddable":true,"href":"https:\/\/www.ocorreionews.com.br\/acervo-correio\/index.php?rest_route=\/wp\/v2\/media\/31569"}],"wp:attachment":[{"href":"https:\/\/www.ocorreionews.com.br\/acervo-correio\/index.php?rest_route=%2Fwp%2Fv2%2Fmedia&parent=31568"}],"wp:term":[{"taxonomy":"category","embeddable":true,"href":"https:\/\/www.ocorreionews.com.br\/acervo-correio\/index.php?rest_route=%2Fwp%2Fv2%2Fcategories&post=31568"},{"taxonomy":"post_tag","embeddable":true,"href":"https:\/\/www.ocorreionews.com.br\/acervo-correio\/index.php?rest_route=%2Fwp%2Fv2%2Ftags&post=31568"}],"curies":[{"name":"wp","href":"https:\/\/api.w.org\/{rel}","templated":true}]}}