{"id":31572,"date":"2016-07-12T13:34:11","date_gmt":"2016-07-12T17:34:11","guid":{"rendered":"https:\/\/ocorreionews.com.br\/?p=31572"},"modified":"2016-07-12T13:34:11","modified_gmt":"2016-07-12T17:34:11","slug":"atencao-familias-selecionadas-para-o-minha-casa-minha-vida-caixa-informa","status":"publish","type":"post","link":"https:\/\/www.ocorreionews.com.br\/acervo-correio\/?p=31572","title":{"rendered":"Aten\u00e7\u00e3o fam\u00edlias selecionadas para o Minha Casa, Minha Vida; Caixa informa"},"content":{"rendered":"<p><span style=\"font-family: verdana; font-size: small;\">A Caixa Econ\u00f4mica Federal informou que a assinatura do contrato com as 100 fam\u00edlias selecionados para ter a sua casa pr\u00f3pria, atrav\u00e9s do Programa Minha Casa Minha Vida do Minist\u00e9rio das Cidades, ser\u00e1 assinado em Para\u00edso das \u00c1guas no <b>dia 15 ou no dia 16 de julho pr\u00f3ximo.<\/b><\/span><\/p>\n<p><span style=\"font-family: verdana; font-size: small;\">Informamos ainda que os selecionados devem ficar atentos e de prontid\u00e3o para a assinatura do contrato, visto que no dia da assinatura, quem n\u00e3o comparecer ficar\u00e1 sem a casa pr\u00f3pria, e ser\u00e1 chamado o nome da lista de suplente (lista de espera), e a casa ser\u00e1 repassado ao suplente.<\/span><\/p>\n<p><span style=\"font-family: verdana; font-size: small;\">Quando a Caixa Econ\u00f4mica Federal, definir o dia e a hora, informaremos a imprensa para divulga\u00e7\u00e3o aos interessados. <\/span><\/p>\n<div><\/div>\n<div><\/div>\n<div><\/div>\n<div><\/div>\n<div><span style=\"font-family: verdana; font-size: small;\">Brito News<\/span><\/div>\n","protected":false},"excerpt":{"rendered":"<p>A Caixa Econ\u00f4mica Federal informou que a assinatura do contrato com as 100 fam\u00edlias selecionados para ter a sua casa pr\u00f3pria, atrav\u00e9s do Programa Minha Casa Minha Vida do Minist\u00e9rio das Cidades, ser\u00e1 assinado em Para\u00edso das \u00c1guas no dia 15 ou no dia 16 de julho pr\u00f3ximo. Informamos ainda que os selecionados devem ficar [&hellip;]<\/p>\n","protected":false},"author":4,"featured_media":25379,"comment_status":"closed","ping_status":"closed","sticky":false,"template":"","format":"standard","meta":{"footnotes":""},"categories":[36],"tags":[],"class_list":["post-31572","post","type-post","status-publish","format-standard","has-post-thumbnail","hentry","category-paraiso-das-aguas"],"_links":{"self":[{"href":"https:\/\/www.ocorreionews.com.br\/acervo-correio\/index.php?rest_route=\/wp\/v2\/posts\/31572","targetHints":{"allow":["GET"]}}],"collection":[{"href":"https:\/\/www.ocorreionews.com.br\/acervo-correio\/index.php?rest_route=\/wp\/v2\/posts"}],"about":[{"href":"https:\/\/www.ocorreionews.com.br\/acervo-correio\/index.php?rest_route=\/wp\/v2\/types\/post"}],"author":[{"embeddable":true,"href":"https:\/\/www.ocorreionews.com.br\/acervo-correio\/index.php?rest_route=\/wp\/v2\/users\/4"}],"replies":[{"embeddable":true,"href":"https:\/\/www.ocorreionews.com.br\/acervo-correio\/index.php?rest_route=%2Fwp%2Fv2%2Fcomments&post=31572"}],"version-history":[{"count":0,"href":"https:\/\/www.ocorreionews.com.br\/acervo-correio\/index.php?rest_route=\/wp\/v2\/posts\/31572\/revisions"}],"wp:featuredmedia":[{"embeddable":true,"href":"https:\/\/www.ocorreionews.com.br\/acervo-correio\/index.php?rest_route=\/wp\/v2\/media\/25379"}],"wp:attachment":[{"href":"https:\/\/www.ocorreionews.com.br\/acervo-correio\/index.php?rest_route=%2Fwp%2Fv2%2Fmedia&parent=31572"}],"wp:term":[{"taxonomy":"category","embeddable":true,"href":"https:\/\/www.ocorreionews.com.br\/acervo-correio\/index.php?rest_route=%2Fwp%2Fv2%2Fcategories&post=31572"},{"taxonomy":"post_tag","embeddable":true,"href":"https:\/\/www.ocorreionews.com.br\/acervo-correio\/index.php?rest_route=%2Fwp%2Fv2%2Ftags&post=31572"}],"curies":[{"name":"wp","href":"https:\/\/api.w.org\/{rel}","templated":true}]}}