{"id":31574,"date":"2016-07-12T13:38:40","date_gmt":"2016-07-12T17:38:40","guid":{"rendered":"https:\/\/ocorreionews.com.br\/?p=31574"},"modified":"2016-07-12T13:38:40","modified_gmt":"2016-07-12T17:38:40","slug":"lista-de-mesarios-convocados-para-as-eleicoes-2016-ja-podem-ser-consultadas","status":"publish","type":"post","link":"https:\/\/www.ocorreionews.com.br\/acervo-correio\/?p=31574","title":{"rendered":"Lista de mes\u00e1rios convocados para as Elei\u00e7\u00f5es 2016 j\u00e1 podem ser consultadas"},"content":{"rendered":"<p class=\"x_MsoNormal\">No m\u00eas de junho, o TRE-MS (Tribunal Regional Eleitoral de Mato Grosso do Sul) deu in\u00edcio \u00e0s convoca\u00e7\u00f5es dos mes\u00e1rios que trabalhar\u00e3o nas elei\u00e7\u00f5es de outubro deste ano. Os editais de convoca\u00e7\u00e3o encontram-se dispon\u00edveis no site do TRE-MS e, at\u00e9 o dia das elei\u00e7\u00f5es, novas convoca\u00e7\u00f5es ser\u00e3o publicadas.<\/p>\n<p class=\"x_MsoNormal\">\u00a0As convoca\u00e7\u00f5es s\u00e3o feitas pelos Ju\u00edzes das respectivas Zonas Eleitorais, que selecionam os eleitores seguindo crit\u00e9rios estabelecidos pelo Tribunal Superior Eleitoral (TSE).<\/p>\n<p class=\"x_MsoNormal\">\u00a0Todo eleitor a partir dos 18 anos em situa\u00e7\u00e3o regular pode ser convocado para trabalhar no dia da vota\u00e7\u00e3o, com exce\u00e7\u00e3o dos candidatos e seus parentes at\u00e9 o segundo grau e tamb\u00e9m parentes por afinidade, tamb\u00e9m est\u00e3o impedidos de ser mes\u00e1rios os integrantes dos diret\u00f3rios de partidos que exer\u00e7am fun\u00e7\u00e3o executiva, os agentes e autoridades policiais, assim como os funcion\u00e1rios com cargos de confian\u00e7a do Executivo e os que pertencem ao servi\u00e7o eleitoral.<\/p>\n<p class=\"x_MsoNormal\">\n<p class=\"x_MsoNormal\">Para consultar os editais com as listas dos convocados basta acessar o link: <a href=\"http:\/\/www.tre-ms.jus.br\/eleicoes\/eleicoes-2016\/portarias-e-editais-das-zonas-eleitorais\/portarias-e-editais-das-zonas-eleitorais\" target=\"_blank\">Portarias e Editais das Zonas Eleitorais<\/a>.<\/p>\n","protected":false},"excerpt":{"rendered":"<p>No m\u00eas de junho, o TRE-MS (Tribunal Regional Eleitoral de Mato Grosso do Sul) deu in\u00edcio \u00e0s convoca\u00e7\u00f5es dos mes\u00e1rios que trabalhar\u00e3o nas elei\u00e7\u00f5es de outubro deste ano. Os editais de convoca\u00e7\u00e3o encontram-se dispon\u00edveis no site do TRE-MS e, at\u00e9 o dia das elei\u00e7\u00f5es, novas convoca\u00e7\u00f5es ser\u00e3o publicadas. \u00a0As convoca\u00e7\u00f5es s\u00e3o feitas pelos Ju\u00edzes das [&hellip;]<\/p>\n","protected":false},"author":4,"featured_media":29650,"comment_status":"closed","ping_status":"closed","sticky":false,"template":"","format":"standard","meta":{"footnotes":""},"categories":[23,37],"tags":[],"class_list":["post-31574","post","type-post","status-publish","format-standard","has-post-thumbnail","hentry","category-chapadao-do-sul","category-politica"],"_links":{"self":[{"href":"https:\/\/www.ocorreionews.com.br\/acervo-correio\/index.php?rest_route=\/wp\/v2\/posts\/31574","targetHints":{"allow":["GET"]}}],"collection":[{"href":"https:\/\/www.ocorreionews.com.br\/acervo-correio\/index.php?rest_route=\/wp\/v2\/posts"}],"about":[{"href":"https:\/\/www.ocorreionews.com.br\/acervo-correio\/index.php?rest_route=\/wp\/v2\/types\/post"}],"author":[{"embeddable":true,"href":"https:\/\/www.ocorreionews.com.br\/acervo-correio\/index.php?rest_route=\/wp\/v2\/users\/4"}],"replies":[{"embeddable":true,"href":"https:\/\/www.ocorreionews.com.br\/acervo-correio\/index.php?rest_route=%2Fwp%2Fv2%2Fcomments&post=31574"}],"version-history":[{"count":0,"href":"https:\/\/www.ocorreionews.com.br\/acervo-correio\/index.php?rest_route=\/wp\/v2\/posts\/31574\/revisions"}],"wp:featuredmedia":[{"embeddable":true,"href":"https:\/\/www.ocorreionews.com.br\/acervo-correio\/index.php?rest_route=\/wp\/v2\/media\/29650"}],"wp:attachment":[{"href":"https:\/\/www.ocorreionews.com.br\/acervo-correio\/index.php?rest_route=%2Fwp%2Fv2%2Fmedia&parent=31574"}],"wp:term":[{"taxonomy":"category","embeddable":true,"href":"https:\/\/www.ocorreionews.com.br\/acervo-correio\/index.php?rest_route=%2Fwp%2Fv2%2Fcategories&post=31574"},{"taxonomy":"post_tag","embeddable":true,"href":"https:\/\/www.ocorreionews.com.br\/acervo-correio\/index.php?rest_route=%2Fwp%2Fv2%2Ftags&post=31574"}],"curies":[{"name":"wp","href":"https:\/\/api.w.org\/{rel}","templated":true}]}}