{"id":31625,"date":"2016-07-13T08:43:10","date_gmt":"2016-07-13T12:43:10","guid":{"rendered":"https:\/\/ocorreionews.com.br\/?p=31625"},"modified":"2016-07-13T08:46:05","modified_gmt":"2016-07-13T12:46:05","slug":"gestao-trienio-20162019-do-sindicato-rural-de-figueirao-e-apresentada-em-cerimonia-de-posse","status":"publish","type":"post","link":"https:\/\/www.ocorreionews.com.br\/acervo-correio\/?p=31625","title":{"rendered":"Gest\u00e3o tri\u00eanio 2016\/2019 do Sindicato Rural de Figueir\u00e3o \u00e9 apresentada em cerim\u00f4nia de posse"},"content":{"rendered":"<div class=\"noticia_txt\">\n<p style=\"text-align: justify;\">\u201cFigueir\u00e3o \u00e9 destaque na pecu\u00e1ria, mas tamb\u00e9m tem n\u00fameros expressivos na agricultura entre outras produ\u00e7\u00f5es, como frango, leite e cana-de-a\u00e7\u00facar. \u00c9 exemplo na recupera\u00e7\u00e3o de pastagens e tamb\u00e9m em a\u00e7\u00f5es de capacita\u00e7\u00f5es e realiza\u00e7\u00e3o de eventos do setor. Por isso, sinto muito orgulho em fazer parte deste momento, que n\u00e3o \u00e9 o fim, mas sim a continuidade de um grande trabalho que j\u00e1 acontece\u201d. A afirma\u00e7\u00e3o foi feita pelo vice-presidente do Sistema Famasul \u2013 Federa\u00e7\u00e3o da Agricultura e Pecu\u00e1ria de MS, Nilton Pickler, durante a cerim\u00f4nia de posse do Sindicato Rural de Figueir\u00e3o, na noite de segunda-feira (11), <strong>que <\/strong>aproveitoutamb\u00e9m para citar os 39 cursos realizados pelo Senar\/MS \u2013 Servi\u00e7o Nacional de Aprendizagem Rural de MS.<\/p>\n<p style=\"text-align: justify;\">Quem assume o tri\u00eanio 2016\/2019 da entidade \u00e9 o m\u00e9dico veterin\u00e1rio, Gilmar Siqueira de Miranda, que j\u00e1 integrava a diretoria anterior junto a S\u00e9rgio Lu\u00eds Faria, que deixa o cargo de presidente. \u201cO desafio da diretoria n\u00e3o \u00e9 fazer mais ou menos, mas sim, dar continuidade ao que j\u00e1 tem acontecido. Mudamos as posi\u00e7\u00f5es mas o time continua o mesmo, \u00e9 uma equipe vencedora. Somos todos produtores rurais, com os mesmos objetivos. Me sinto honrado e feliz por fazer parte deste munic\u00edpio\u201d, ressalta Sequeira.<\/p>\n<p style=\"text-align: justify;\">No discurso de Faria ele aproveitou para falar da trajet\u00f3ria de sua gest\u00e3o sem se despedir, j\u00e1 que continua inserido no Sindicato. \u201cJ\u00e1 come\u00e7o agradecendo principalmente aos produtores rurais que acreditaram no nosso trabalho. Tudo que solicitamos e trouxemos para Figueir\u00e3o tivemos o apoio e participa\u00e7\u00e3o de todos. Um exemplo foram as capacita\u00e7\u00f5es oferecidas neste per\u00edodo, assist\u00eancias, al\u00e9m dos eventos e as parcerias firmadas neste percurso. Entrego a entidade para essa grande pessoa que com certeza tem a responsabilidade necess\u00e1ria para prosseguir para trabalhar e melhorar ainda mais a regi\u00e3o\u201d.<\/p>\n<p style=\"text-align: justify;\">Participaram da cerim\u00f4nia ainda,\u00a0 o diretor-executivo do Sistema Famasul, Lucas Galvan, o presidente da C\u00e2mara Municipal, Ant\u00f4nio Azevedo Nabhan, que tamb\u00e9m faz parte da diretoria que assume o tri\u00eanio, o diretor executivo da Funda\u00e7\u00e3o MS, Alex Melotto, representando o presidente da entidade, Luis Alberto Moraes Novaes, o ex-presidente da Famasul, Jos\u00e9 Armando Amado; Jos\u00e9 Geraldo, respons\u00e1vel pela Agenfa \u2013 Ag\u00eancia Fazend\u00e1ria, al\u00e9m de outras lideran\u00e7as pol\u00edticas e rurais da regi\u00e3o.<\/p>\n<p style=\"text-align: justify;\">Integram ainda a nova diretoria o secret\u00e1rio, Ant\u00f4nio Azevedo Nabhan; o tesoureiro, Ilson R. da Fonseca al\u00e9m de Apparecido Fernandes, Kenede Barbosa Amorim, Cleide de F\u00e1tima Baird, Luiza Roberto Alves, Valdir Bispo de Souza.<\/p>\n<\/div>\n<p style=\"text-align: justify;\"><i>Fonte: Assessoria de Imprensa Sistema Famasul &#8211; Ellen Albuquerque<\/i><\/p>\n","protected":false},"excerpt":{"rendered":"<p>\u201cFigueir\u00e3o \u00e9 destaque na pecu\u00e1ria, mas tamb\u00e9m tem n\u00fameros expressivos na agricultura entre outras produ\u00e7\u00f5es, como frango, leite e cana-de-a\u00e7\u00facar. \u00c9 exemplo na recupera\u00e7\u00e3o de pastagens e tamb\u00e9m em a\u00e7\u00f5es de capacita\u00e7\u00f5es e realiza\u00e7\u00e3o de eventos do setor. Por isso, sinto muito orgulho em fazer parte deste momento, que n\u00e3o \u00e9 o fim, mas sim [&hellip;]<\/p>\n","protected":false},"author":4,"featured_media":31626,"comment_status":"closed","ping_status":"closed","sticky":false,"template":"","format":"standard","meta":{"footnotes":""},"categories":[30],"tags":[],"class_list":["post-31625","post","type-post","status-publish","format-standard","has-post-thumbnail","hentry","category-figueirao"],"_links":{"self":[{"href":"https:\/\/www.ocorreionews.com.br\/acervo-correio\/index.php?rest_route=\/wp\/v2\/posts\/31625","targetHints":{"allow":["GET"]}}],"collection":[{"href":"https:\/\/www.ocorreionews.com.br\/acervo-correio\/index.php?rest_route=\/wp\/v2\/posts"}],"about":[{"href":"https:\/\/www.ocorreionews.com.br\/acervo-correio\/index.php?rest_route=\/wp\/v2\/types\/post"}],"author":[{"embeddable":true,"href":"https:\/\/www.ocorreionews.com.br\/acervo-correio\/index.php?rest_route=\/wp\/v2\/users\/4"}],"replies":[{"embeddable":true,"href":"https:\/\/www.ocorreionews.com.br\/acervo-correio\/index.php?rest_route=%2Fwp%2Fv2%2Fcomments&post=31625"}],"version-history":[{"count":0,"href":"https:\/\/www.ocorreionews.com.br\/acervo-correio\/index.php?rest_route=\/wp\/v2\/posts\/31625\/revisions"}],"wp:featuredmedia":[{"embeddable":true,"href":"https:\/\/www.ocorreionews.com.br\/acervo-correio\/index.php?rest_route=\/wp\/v2\/media\/31626"}],"wp:attachment":[{"href":"https:\/\/www.ocorreionews.com.br\/acervo-correio\/index.php?rest_route=%2Fwp%2Fv2%2Fmedia&parent=31625"}],"wp:term":[{"taxonomy":"category","embeddable":true,"href":"https:\/\/www.ocorreionews.com.br\/acervo-correio\/index.php?rest_route=%2Fwp%2Fv2%2Fcategories&post=31625"},{"taxonomy":"post_tag","embeddable":true,"href":"https:\/\/www.ocorreionews.com.br\/acervo-correio\/index.php?rest_route=%2Fwp%2Fv2%2Ftags&post=31625"}],"curies":[{"name":"wp","href":"https:\/\/api.w.org\/{rel}","templated":true}]}}