{"id":31640,"date":"2016-07-13T10:48:37","date_gmt":"2016-07-13T14:48:37","guid":{"rendered":"https:\/\/ocorreionews.com.br\/?p=31640"},"modified":"2016-07-13T10:48:37","modified_gmt":"2016-07-13T14:48:37","slug":"agepen-trabalha-em-plano-estrategico-para-tirar-presos-das-delegacias","status":"publish","type":"post","link":"https:\/\/www.ocorreionews.com.br\/acervo-correio\/?p=31640","title":{"rendered":"Agepen trabalha em plano estrat\u00e9gico para tirar presos das delegacias"},"content":{"rendered":"<p>A\u00a0Secretaria de Estado\u00a0de Justi\u00e7a e Seguran\u00e7a P\u00fablica prepara um plano estrat\u00e9gico\u00a0para que a Ag\u00eancia Estadual de Administra\u00e7\u00e3o do Sistema Penitenci\u00e1rio (Agepen) absorva\u00a0o sistema atual de\u00a0presos custodiados nas delegacias de Pol\u00edcia do Estado,\u00a0gradativamente, at\u00e9 31\u00a0de dezembro de\u00a02018. Com esse objetivo, o\u00a0secret\u00e1rio\u00a0Jos\u00e9 Carlos Barbosa\u00a0participou de uma reuni\u00e3o, nessa ter\u00e7a-feira (12), com\u00a0o\u00a0diretor-presidente da Agepen, Ailton Stropa Garcia, e\u00a0o delegado-geral da Pol\u00edcia Civil, Marcelo Vargas.<\/p>\n<p>De acordo com Stropa, durante a reuni\u00e3o \u2013 que contou tamb\u00e9m com a presen\u00e7a do delegado-geral adjunto, Carlos Costa Mayer, e do delegado Roberto Gurgel \u2013 a dire\u00e7\u00e3o da Agepen apresentou um panorama de sua linha de racioc\u00ednio e dos planos que pretende encaminhar, nos pr\u00f3ximos dias, para an\u00e1lise do secret\u00e1rio de Seguran\u00e7a.<\/p>\n<p>Para Stropa, colher subs\u00eddios da Pol\u00edcia Civil \u00e9 de suma import\u00e2ncia, porque facilitar\u00e1 a tomada de decis\u00f5es pelo Governo, vez que essa absor\u00e7\u00e3o passa por in\u00fameros investimentos em estrutura e pessoal.<\/p>\n<p>Tamb\u00e9m participou\u00a0do encontro o chefe de Gabinete da Agepen, Dumas Torraca.<\/p>\n<p>&nbsp;<\/p>\n<p>&nbsp;<\/p>\n<p>&nbsp;<\/p>\n<p>Noticias MS<\/p>\n","protected":false},"excerpt":{"rendered":"<p>A\u00a0Secretaria de Estado\u00a0de Justi\u00e7a e Seguran\u00e7a P\u00fablica prepara um plano estrat\u00e9gico\u00a0para que a Ag\u00eancia Estadual de Administra\u00e7\u00e3o do Sistema Penitenci\u00e1rio (Agepen) absorva\u00a0o sistema atual de\u00a0presos custodiados nas delegacias de Pol\u00edcia do Estado,\u00a0gradativamente, at\u00e9 31\u00a0de dezembro de\u00a02018. Com esse objetivo, o\u00a0secret\u00e1rio\u00a0Jos\u00e9 Carlos Barbosa\u00a0participou de uma reuni\u00e3o, nessa ter\u00e7a-feira (12), com\u00a0o\u00a0diretor-presidente da Agepen, Ailton Stropa Garcia, e\u00a0o [&hellip;]<\/p>\n","protected":false},"author":4,"featured_media":31641,"comment_status":"closed","ping_status":"closed","sticky":false,"template":"","format":"standard","meta":{"footnotes":""},"categories":[37],"tags":[],"class_list":["post-31640","post","type-post","status-publish","format-standard","has-post-thumbnail","hentry","category-politica"],"_links":{"self":[{"href":"https:\/\/www.ocorreionews.com.br\/acervo-correio\/index.php?rest_route=\/wp\/v2\/posts\/31640","targetHints":{"allow":["GET"]}}],"collection":[{"href":"https:\/\/www.ocorreionews.com.br\/acervo-correio\/index.php?rest_route=\/wp\/v2\/posts"}],"about":[{"href":"https:\/\/www.ocorreionews.com.br\/acervo-correio\/index.php?rest_route=\/wp\/v2\/types\/post"}],"author":[{"embeddable":true,"href":"https:\/\/www.ocorreionews.com.br\/acervo-correio\/index.php?rest_route=\/wp\/v2\/users\/4"}],"replies":[{"embeddable":true,"href":"https:\/\/www.ocorreionews.com.br\/acervo-correio\/index.php?rest_route=%2Fwp%2Fv2%2Fcomments&post=31640"}],"version-history":[{"count":0,"href":"https:\/\/www.ocorreionews.com.br\/acervo-correio\/index.php?rest_route=\/wp\/v2\/posts\/31640\/revisions"}],"wp:featuredmedia":[{"embeddable":true,"href":"https:\/\/www.ocorreionews.com.br\/acervo-correio\/index.php?rest_route=\/wp\/v2\/media\/31641"}],"wp:attachment":[{"href":"https:\/\/www.ocorreionews.com.br\/acervo-correio\/index.php?rest_route=%2Fwp%2Fv2%2Fmedia&parent=31640"}],"wp:term":[{"taxonomy":"category","embeddable":true,"href":"https:\/\/www.ocorreionews.com.br\/acervo-correio\/index.php?rest_route=%2Fwp%2Fv2%2Fcategories&post=31640"},{"taxonomy":"post_tag","embeddable":true,"href":"https:\/\/www.ocorreionews.com.br\/acervo-correio\/index.php?rest_route=%2Fwp%2Fv2%2Ftags&post=31640"}],"curies":[{"name":"wp","href":"https:\/\/api.w.org\/{rel}","templated":true}]}}