{"id":31643,"date":"2016-07-13T10:52:27","date_gmt":"2016-07-13T14:52:27","guid":{"rendered":"https:\/\/ocorreionews.com.br\/?p=31643"},"modified":"2016-07-13T10:52:27","modified_gmt":"2016-07-13T14:52:27","slug":"suspeito-de-matar-mulher-em-cha-de-bebe-e-preso-em-cova-onde-vivia","status":"publish","type":"post","link":"https:\/\/www.ocorreionews.com.br\/acervo-correio\/?p=31643","title":{"rendered":"Suspeito de matar mulher em ch\u00e1 de beb\u00ea \u00e9 preso em cova onde vivia"},"content":{"rendered":"<p>Policiais da Sess\u00e3o de Investiga\u00e7\u00f5es Gerais (SIG) da Pol\u00edcia Civil de Presidente Epit\u00e1cio (SP)\u00a0prenderam na tarde de ontem (12), Silvano Aparecido dos Santos, 35 anos, suspeito de matar a ex-mulher, Cristiane Santana de Assis, 30 anos, a facadas num ch\u00e1 de beb\u00ea<strong>,<\/strong> no \u00faltimo dia 4 de junho,\u00a0em Anauril\u00e2ndia. Ele foi encontrado escondido dentro de um buraco em\u00a0assentamento rural do seu padrasto no munic\u00edpio de Caiu\u00e1 (SP), onde confessou o crime.<\/p>\n<p>De acordo com o site Nova News, os policiais receberam informa\u00e7\u00f5es de que o autor estaria se escondendo no sitio na regi\u00e3o. Diante das informa\u00e7\u00f5es, uma equipe composta por seis policiais foi\u00a0at\u00e9 o assentamento Matudi, que fica entre as cidades de Presidente Epit\u00e1cio e Caiu\u00e1, onde localizaram o suspeito dentro de uma cova. No buraco, os policiais se depararam com colch\u00e3o, \u00e1gua e alimentos.<\/p>\n<p>De acordo com a reportagem, no momento do flagrante, Silvano confessou o motivo do crime. Ele foi encaminhado \u00e0\u00a0Delegacia de Pol\u00edcia Civil de Epit\u00e1cio para registro do caso, e logo depois foi levado para a delegacia de Anauril\u00e2ndia, onde o caso \u00e9 investigado.<\/p>\n<p><strong><a href=\"https:\/\/ocorreionews.com.br\/wp-content\/uploads\/2016\/07\/silvano-e-esposa.jpg\"><img loading=\"lazy\" decoding=\"async\" class=\"size-medium wp-image-31645 alignleft\" src=\"https:\/\/ocorreionews.com.br\/wp-content\/uploads\/2016\/07\/silvano-e-esposa-282x300.jpg\" alt=\"silvano e esposa\" width=\"282\" height=\"300\" srcset=\"https:\/\/www.ocorreionews.com.br\/acervo-correio\/wp-content\/uploads\/2016\/07\/silvano-e-esposa-282x300.jpg 282w, https:\/\/www.ocorreionews.com.br\/acervo-correio\/wp-content\/uploads\/2016\/07\/silvano-e-esposa-768x818.jpg 768w, https:\/\/www.ocorreionews.com.br\/acervo-correio\/wp-content\/uploads\/2016\/07\/silvano-e-esposa.jpg 900w\" sizes=\"auto, (max-width: 282px) 100vw, 282px\" \/><\/a>CRIME<\/strong><\/p>\n<p>No \u00faltimo dia 4 de junho, Cristiane participava de um ch\u00e1 de beb\u00ea que acontecia no Centro de M\u00faltiplo Uso de Vila Quebracho, quando Silvano chegou no local, e pediu para conversar com a ex-mulher em particular. Segundo testemunhas, o homem teria agarrado a v\u00edtima pelo bra\u00e7o e, com uma faca no pesco\u00e7o, come\u00e7ou a amea\u00e7a-l\u00e1.<\/p>\n<p>Momento em que Cristiane tentava se esquivar, o acusado desferiu um golpe na barriga da ex-mulher, fugindo local. Ela foi socorrida por uma ambul\u00e2ncia, mas acabou morrendo a caminho do Hospital de Anauril\u00e2ndia.<\/p>\n<p>&nbsp;<\/p>\n<p>&nbsp;<\/p>\n<p>&nbsp;<\/p>\n<p>&nbsp;<\/p>\n<p>Correio Estado<\/p>\n","protected":false},"excerpt":{"rendered":"<p>Policiais da Sess\u00e3o de Investiga\u00e7\u00f5es Gerais (SIG) da Pol\u00edcia Civil de Presidente Epit\u00e1cio (SP)\u00a0prenderam na tarde de ontem (12), Silvano Aparecido dos Santos, 35 anos, suspeito de matar a ex-mulher, Cristiane Santana de Assis, 30 anos, a facadas num ch\u00e1 de beb\u00ea, no \u00faltimo dia 4 de junho,\u00a0em Anauril\u00e2ndia. Ele foi encontrado escondido dentro de [&hellip;]<\/p>\n","protected":false},"author":4,"featured_media":31644,"comment_status":"closed","ping_status":"closed","sticky":false,"template":"","format":"standard","meta":{"footnotes":""},"categories":[38],"tags":[],"class_list":["post-31643","post","type-post","status-publish","format-standard","has-post-thumbnail","hentry","category-policia"],"_links":{"self":[{"href":"https:\/\/www.ocorreionews.com.br\/acervo-correio\/index.php?rest_route=\/wp\/v2\/posts\/31643","targetHints":{"allow":["GET"]}}],"collection":[{"href":"https:\/\/www.ocorreionews.com.br\/acervo-correio\/index.php?rest_route=\/wp\/v2\/posts"}],"about":[{"href":"https:\/\/www.ocorreionews.com.br\/acervo-correio\/index.php?rest_route=\/wp\/v2\/types\/post"}],"author":[{"embeddable":true,"href":"https:\/\/www.ocorreionews.com.br\/acervo-correio\/index.php?rest_route=\/wp\/v2\/users\/4"}],"replies":[{"embeddable":true,"href":"https:\/\/www.ocorreionews.com.br\/acervo-correio\/index.php?rest_route=%2Fwp%2Fv2%2Fcomments&post=31643"}],"version-history":[{"count":0,"href":"https:\/\/www.ocorreionews.com.br\/acervo-correio\/index.php?rest_route=\/wp\/v2\/posts\/31643\/revisions"}],"wp:featuredmedia":[{"embeddable":true,"href":"https:\/\/www.ocorreionews.com.br\/acervo-correio\/index.php?rest_route=\/wp\/v2\/media\/31644"}],"wp:attachment":[{"href":"https:\/\/www.ocorreionews.com.br\/acervo-correio\/index.php?rest_route=%2Fwp%2Fv2%2Fmedia&parent=31643"}],"wp:term":[{"taxonomy":"category","embeddable":true,"href":"https:\/\/www.ocorreionews.com.br\/acervo-correio\/index.php?rest_route=%2Fwp%2Fv2%2Fcategories&post=31643"},{"taxonomy":"post_tag","embeddable":true,"href":"https:\/\/www.ocorreionews.com.br\/acervo-correio\/index.php?rest_route=%2Fwp%2Fv2%2Ftags&post=31643"}],"curies":[{"name":"wp","href":"https:\/\/api.w.org\/{rel}","templated":true}]}}