{"id":31665,"date":"2016-07-13T14:43:27","date_gmt":"2016-07-13T18:43:27","guid":{"rendered":"https:\/\/ocorreionews.com.br\/?p=31665"},"modified":"2016-07-13T14:43:27","modified_gmt":"2016-07-13T18:43:27","slug":"juntos-contra-o-cancer-o-homem-que-trabalha-para-arrecadar-fundos-para-o-hospital-de-cancer","status":"publish","type":"post","link":"https:\/\/www.ocorreionews.com.br\/acervo-correio\/?p=31665","title":{"rendered":"Juntos contra o c\u00e2ncer: O homem que trabalha para arrecadar fundos para o Hospital de C\u00e2ncer"},"content":{"rendered":"<div>Para a realiza\u00e7\u00e3o do Leil\u00e3o <strong>\u201cDireito de Viver\u201d <\/strong>em beneficio da Funda\u00e7\u00e3o Pio XII (Hospital do C\u00e2ncer de Barretos, S\u00e3o Paulo) no Munic\u00edpio de Figueir\u00e3o\/MS foi criada uma comiss\u00e3o coordenada pelo pecuarista Francisco Thomas da Cunha, 78 anos, dono de uma alegria que contagia a todos, ele \u00e9 pai de nove filhos e est\u00e1 \u00e0 frente dos leil\u00f5es desde a primeira edi\u00e7\u00e3o.<\/div>\n<div><\/div>\n<div>Morador no Munic\u00edpio de Figueir\u00e3o h\u00e1 45 anos realizou dois leil\u00f5es na cidade de Alcin\u00f3polis, mas entendeu que precisava promover o evento na cidade onde mora e passou a se dedicar a esse trabalho, \u201cestou h\u00e1 11 anos com objetivo de arrecadar recursos para o Hospital do C\u00e2ncer de Barretos, fa\u00e7o com muito amor\u201d, conta orgulhoso da miss\u00e3o que desempenha.<\/div>\n<div><\/div>\n<div>Francisco contou que esteve visitando o Hospital por duas vezes \u00e9 disse ser chocante ver o sofrimento das pessoas doentes, \u201cver crian\u00e7as com a doen\u00e7a e muito sofrido, essa doen\u00e7a judia muito, \u00e9 nosso dever ajudar as pessoas\u201d.<\/div>\n<div><\/div>\n<div>Ele destaca que as pessoas que participam do evento est\u00e3o ajudando aqueles que realmente necessitam e n\u00e3o t\u00eam recursos, \u201cestamos fazendo o que os governantes n\u00e3o fazem\u201d.<\/div>\n<div><\/div>\n<div>O Pecuarista Ermelindo Menegusso, 70 anos \u00e9 um dos colaboradores para com o leil\u00e3o, ele n\u00e3o revela valores doados e cita o profeta Mateus: \u201cquando tu deres esmola, n\u00e3o saiba a tua m\u00e3o esquerda o que faz a tua direita\u201d. O pecuarista disse que familiares j\u00e1 sofrer\u00e3o com a doen\u00e7a.<\/div>\n<div><\/div>\n<div>O evento \u00e9 organizado por uma comiss\u00e3o respons\u00e1vel pelos leil\u00f5es, os valores arrecadados s\u00e3o destinados as institui\u00e7\u00f5es.<\/div>\n<div><\/div>\n<div>O administrador da fazenda 3R e prefeito de Figueir\u00e3o, Rodrigues Rosalin, (PSDB) destacou a solidariedade e a participa\u00e7\u00e3o da comunidade na ajuda aos Hospitais de C\u00e2ncer para que passam continuar prestando atendimento aqueles que necessitam, \u201c\u00e9 preciso ter solidariedade e a participa\u00e7\u00e3o de todos na lutar contra o c\u00e2ncer, \u00e9 o m\u00ednimo que podemos fazer\u201d.<\/div>\n<div><\/div>\n<div>O prefeito destacou a sua preocupa\u00e7\u00e3o para com as pessoas que necessitam de atendimento. Nos hospitais as familiares de pacientes tamb\u00e9m recebem aten\u00e7\u00e3o para enfrentar os momentos dif\u00edceis causados pela doen\u00e7a.<\/div>\n<div><\/div>\n<div>Foi realizado no \u00faltimo domingo (10) de julho o 11\u00ba Leil\u00e3o, Produtores da regi\u00e3o doaram 131 animais que foram todos leiloados, assim como diversas prendas foram arrecadadas junto \u00e0 comunidade e tamb\u00e9m leiloadas.<\/div>\n<div>\n<p><a href=\"https:\/\/ocorreionews.com.br\/wp-content\/uploads\/2016\/07\/Leil\u00e3o-Direito-de-Viver-Figueir\u00e3o-2016.jpg\"><img loading=\"lazy\" decoding=\"async\" class=\"alignnone wp-image-31668 size-full\" src=\"https:\/\/ocorreionews.com.br\/wp-content\/uploads\/2016\/07\/Leil\u00e3o-Direito-de-Viver-Figueir\u00e3o-2016.jpg\" width=\"640\" height=\"425\" srcset=\"https:\/\/www.ocorreionews.com.br\/acervo-correio\/wp-content\/uploads\/2016\/07\/Leil\u00e3o-Direito-de-Viver-Figueir\u00e3o-2016.jpg 640w, https:\/\/www.ocorreionews.com.br\/acervo-correio\/wp-content\/uploads\/2016\/07\/Leil\u00e3o-Direito-de-Viver-Figueir\u00e3o-2016-300x199.jpg 300w\" sizes=\"auto, (max-width: 640px) 100vw, 640px\" \/><\/a><\/p>\n<p><a href=\"https:\/\/ocorreionews.com.br\/wp-content\/uploads\/2016\/07\/Leil\u00e3o-Direito-de-Viver-Figueir\u00e3o-2016b.jpg\"><img loading=\"lazy\" decoding=\"async\" class=\"alignnone wp-image-31669 size-full\" src=\"https:\/\/ocorreionews.com.br\/wp-content\/uploads\/2016\/07\/Leil\u00e3o-Direito-de-Viver-Figueir\u00e3o-2016b.jpg\" width=\"640\" height=\"425\" srcset=\"https:\/\/www.ocorreionews.com.br\/acervo-correio\/wp-content\/uploads\/2016\/07\/Leil\u00e3o-Direito-de-Viver-Figueir\u00e3o-2016b.jpg 640w, https:\/\/www.ocorreionews.com.br\/acervo-correio\/wp-content\/uploads\/2016\/07\/Leil\u00e3o-Direito-de-Viver-Figueir\u00e3o-2016b-300x199.jpg 300w\" sizes=\"auto, (max-width: 640px) 100vw, 640px\" \/><\/a><\/p>\n<p><a href=\"https:\/\/ocorreionews.com.br\/wp-content\/uploads\/2016\/07\/Leil\u00e3o-Direito-de-Viver-Figueir\u00e3o-2016c.jpg\"><img loading=\"lazy\" decoding=\"async\" class=\"alignnone wp-image-31670 size-full\" src=\"https:\/\/ocorreionews.com.br\/wp-content\/uploads\/2016\/07\/Leil\u00e3o-Direito-de-Viver-Figueir\u00e3o-2016c.jpg\" width=\"640\" height=\"425\" srcset=\"https:\/\/www.ocorreionews.com.br\/acervo-correio\/wp-content\/uploads\/2016\/07\/Leil\u00e3o-Direito-de-Viver-Figueir\u00e3o-2016c.jpg 640w, https:\/\/www.ocorreionews.com.br\/acervo-correio\/wp-content\/uploads\/2016\/07\/Leil\u00e3o-Direito-de-Viver-Figueir\u00e3o-2016c-300x199.jpg 300w\" sizes=\"auto, (max-width: 640px) 100vw, 640px\" \/><\/a><\/p>\n<p><a href=\"https:\/\/ocorreionews.com.br\/wp-content\/uploads\/2016\/07\/Leil\u00e3o-Direito-de-Viver-Figueir\u00e3o-2016d.jpg\"><img loading=\"lazy\" decoding=\"async\" class=\"alignnone wp-image-31671 size-full\" src=\"https:\/\/ocorreionews.com.br\/wp-content\/uploads\/2016\/07\/Leil\u00e3o-Direito-de-Viver-Figueir\u00e3o-2016d.jpg\" width=\"640\" height=\"425\" srcset=\"https:\/\/www.ocorreionews.com.br\/acervo-correio\/wp-content\/uploads\/2016\/07\/Leil\u00e3o-Direito-de-Viver-Figueir\u00e3o-2016d.jpg 640w, https:\/\/www.ocorreionews.com.br\/acervo-correio\/wp-content\/uploads\/2016\/07\/Leil\u00e3o-Direito-de-Viver-Figueir\u00e3o-2016d-300x199.jpg 300w\" sizes=\"auto, (max-width: 640px) 100vw, 640px\" \/><\/a><\/p>\n<p><a href=\"https:\/\/ocorreionews.com.br\/wp-content\/uploads\/2016\/07\/Leil\u00e3o-Direito-de-Viver-Figueir\u00e3o-2016e.jpg\"><img loading=\"lazy\" decoding=\"async\" class=\"alignnone wp-image-31672 size-full\" src=\"https:\/\/ocorreionews.com.br\/wp-content\/uploads\/2016\/07\/Leil\u00e3o-Direito-de-Viver-Figueir\u00e3o-2016e.jpg\" width=\"640\" height=\"425\" srcset=\"https:\/\/www.ocorreionews.com.br\/acervo-correio\/wp-content\/uploads\/2016\/07\/Leil\u00e3o-Direito-de-Viver-Figueir\u00e3o-2016e.jpg 640w, https:\/\/www.ocorreionews.com.br\/acervo-correio\/wp-content\/uploads\/2016\/07\/Leil\u00e3o-Direito-de-Viver-Figueir\u00e3o-2016e-300x199.jpg 300w\" sizes=\"auto, (max-width: 640px) 100vw, 640px\" \/><\/a><\/p>\n<\/div>\n<div>Foto e Texto Hora da Noticia<\/div>\n","protected":false},"excerpt":{"rendered":"<p>Para a realiza\u00e7\u00e3o do Leil\u00e3o \u201cDireito de Viver\u201d em beneficio da Funda\u00e7\u00e3o Pio XII (Hospital do C\u00e2ncer de Barretos, S\u00e3o Paulo) no Munic\u00edpio de Figueir\u00e3o\/MS foi criada uma comiss\u00e3o coordenada pelo pecuarista Francisco Thomas da Cunha, 78 anos, dono de uma alegria que contagia a todos, ele \u00e9 pai de nove filhos e est\u00e1 \u00e0 [&hellip;]<\/p>\n","protected":false},"author":4,"featured_media":31666,"comment_status":"closed","ping_status":"closed","sticky":false,"template":"","format":"standard","meta":{"footnotes":""},"categories":[30,39],"tags":[],"class_list":["post-31665","post","type-post","status-publish","format-standard","has-post-thumbnail","hentry","category-figueirao","category-saude"],"_links":{"self":[{"href":"https:\/\/www.ocorreionews.com.br\/acervo-correio\/index.php?rest_route=\/wp\/v2\/posts\/31665","targetHints":{"allow":["GET"]}}],"collection":[{"href":"https:\/\/www.ocorreionews.com.br\/acervo-correio\/index.php?rest_route=\/wp\/v2\/posts"}],"about":[{"href":"https:\/\/www.ocorreionews.com.br\/acervo-correio\/index.php?rest_route=\/wp\/v2\/types\/post"}],"author":[{"embeddable":true,"href":"https:\/\/www.ocorreionews.com.br\/acervo-correio\/index.php?rest_route=\/wp\/v2\/users\/4"}],"replies":[{"embeddable":true,"href":"https:\/\/www.ocorreionews.com.br\/acervo-correio\/index.php?rest_route=%2Fwp%2Fv2%2Fcomments&post=31665"}],"version-history":[{"count":0,"href":"https:\/\/www.ocorreionews.com.br\/acervo-correio\/index.php?rest_route=\/wp\/v2\/posts\/31665\/revisions"}],"wp:featuredmedia":[{"embeddable":true,"href":"https:\/\/www.ocorreionews.com.br\/acervo-correio\/index.php?rest_route=\/wp\/v2\/media\/31666"}],"wp:attachment":[{"href":"https:\/\/www.ocorreionews.com.br\/acervo-correio\/index.php?rest_route=%2Fwp%2Fv2%2Fmedia&parent=31665"}],"wp:term":[{"taxonomy":"category","embeddable":true,"href":"https:\/\/www.ocorreionews.com.br\/acervo-correio\/index.php?rest_route=%2Fwp%2Fv2%2Fcategories&post=31665"},{"taxonomy":"post_tag","embeddable":true,"href":"https:\/\/www.ocorreionews.com.br\/acervo-correio\/index.php?rest_route=%2Fwp%2Fv2%2Ftags&post=31665"}],"curies":[{"name":"wp","href":"https:\/\/api.w.org\/{rel}","templated":true}]}}