{"id":31686,"date":"2016-07-14T08:01:33","date_gmt":"2016-07-14T12:01:33","guid":{"rendered":"https:\/\/ocorreionews.com.br\/?p=31686"},"modified":"2016-07-14T08:32:36","modified_gmt":"2016-07-14T12:32:36","slug":"joao-krug-discute-o-futuro-de-chapadao-com-o-presidente-da-fecomercio","status":"publish","type":"post","link":"https:\/\/www.ocorreionews.com.br\/acervo-correio\/?p=31686","title":{"rendered":"Jo\u00e3o Krug discute o futuro de Chapad\u00e3o com o presidente da Fecom\u00e9rcio*"},"content":{"rendered":"<blockquote><p><strong><em><span style=\"font-size: small;\">O principal objetivo do encontro foi incrementar a qualifica\u00e7\u00e3o profissional dos trabalhadores e aperfei\u00e7oar servi\u00e7os na \u00e1rea de Sa\u00fade, por meio do Sesc*<\/span><\/em><\/strong><\/p><\/blockquote>\n<p style=\"text-align: justify;\"><span style=\"font-size: small;\">O pr\u00e9-candidato \u00e0 Prefeitura de Chapad\u00e3o do Sul pelo PSDB, Jo\u00e3o Carlos Krug, se reuniu com representantes do Com\u00e9rcio em Campo Grande, nesta quarta-feira (13), para discutir desafios e projetos para o futuro do setor no munic\u00edpio. O encontro contou com a presen\u00e7a do presidente e superintendente da Fecom\u00e9rcio e diretores do Sesc e Senac de Mato Grosso do Sul. Essa discuss\u00e3o faz parte do \u201cFala Chapad\u00e3o\u201d para ouvir a comunidade e entidades na elabora\u00e7\u00e3o do seu plano de governo.<\/span><\/p>\n<p style=\"text-align: justify;\"><span style=\"font-size: small;\"><br \/>\nDentre os temas discutidos na reuni\u00e3o est\u00e3o Sa\u00fade, Educa\u00e7\u00e3o e capacita\u00e7\u00e3o profissional. \u201cChapad\u00e3o do Sul tem com\u00e9rcio aquecido, mas muitos comerciantes nos procuram demonstrando preocupa\u00e7\u00e3o na forma\u00e7\u00e3o e capacita\u00e7\u00e3o profissional. E nesse processo a Fecom\u00e9rcio \u00e9 um parceiro importante\u201d, afirmou Jo\u00e3o Carlos Krug. <\/span><\/p>\n<p style=\"text-align: justify;\"><span style=\"font-size: small;\"><a href=\"https:\/\/ocorreionews.com.br\/wp-content\/uploads\/2016\/07\/13700233_675362529281475_1542620573991993172_n.jpg\"><img loading=\"lazy\" decoding=\"async\" class=\"alignnone size-medium wp-image-31689\" src=\"https:\/\/ocorreionews.com.br\/wp-content\/uploads\/2016\/07\/13700233_675362529281475_1542620573991993172_n-300x233.jpg\" alt=\"13700233_675362529281475_1542620573991993172_n\" width=\"300\" height=\"233\" srcset=\"https:\/\/www.ocorreionews.com.br\/acervo-correio\/wp-content\/uploads\/2016\/07\/13700233_675362529281475_1542620573991993172_n-300x233.jpg 300w, https:\/\/www.ocorreionews.com.br\/acervo-correio\/wp-content\/uploads\/2016\/07\/13700233_675362529281475_1542620573991993172_n.jpg 600w\" sizes=\"auto, (max-width: 300px) 100vw, 300px\" \/><\/a><br \/>\nDe acordo com o presidente da Fecom\u00e9rcio, Edison Ferreira de Ara\u00fajo, Chapad\u00e3o do Sul est\u00e1 entre as tr\u00eas cidades do Estado que mais se destacam. \u201cTemos diversos cursos profissionalizantes, desde atendimento at\u00e9 de inform\u00e1tica. Chapad\u00e3o do Sul desperta grande interesse pela sua import\u00e2ncia na regi\u00e3o, com uma parceria podemos implantar diversos cursos de capacita\u00e7\u00e3o focados na voca\u00e7\u00e3o do munic\u00edpio\u201d, comentou. <\/span><\/p>\n<p style=\"text-align: justify;\"><span style=\"font-size: small;\"><br \/>\nPara a superintendente da Fecom\u00e9rcio, Nilde Brum, al\u00e9m da capacita\u00e7\u00e3o a Prefeitura precisa incentivar as Micro e Pequenos Empresa que atuam no munic\u00edpio, pois elas s\u00e3o respons\u00e1veis por movimentar o com\u00e9rcio local.\u00a0 \u201c\u00c9 importante comprar das Micro e Pequenas Empresas, pois elas est\u00e3o em Chapad\u00e3o e s\u00e3o fortes para movimentar a economia do munic\u00edpio\u201d, afirmou Nilde Brum. <\/span><\/p>\n<p style=\"text-align: justify;\"><span style=\"font-size: small;\"><br \/>\nDa reuni\u00e3o ainda foram apresentadas parcerias para a Educa\u00e7\u00e3o para o munic\u00edpio. \u201cMuitos profissionais n\u00e3o tem com quem deixar seus filhos fora do hor\u00e1rio de aula. Por isso, questionam a possibilidade de implementa\u00e7\u00e3o de escola integral em Chapad\u00e3o do Sul\u201d, disse Jo\u00e3o Carlos Krug. <\/span><\/p>\n<p style=\"text-align: justify;\"><a href=\"https:\/\/ocorreionews.com.br\/wp-content\/uploads\/2016\/07\/13658913_675551175929277_5117582568122338123_n.jpg\"><img loading=\"lazy\" decoding=\"async\" class=\"alignnone size-medium wp-image-31687\" src=\"https:\/\/ocorreionews.com.br\/wp-content\/uploads\/2016\/07\/13658913_675551175929277_5117582568122338123_n-300x198.jpg\" alt=\"13658913_675551175929277_5117582568122338123_n\" width=\"300\" height=\"198\" srcset=\"https:\/\/www.ocorreionews.com.br\/acervo-correio\/wp-content\/uploads\/2016\/07\/13658913_675551175929277_5117582568122338123_n-300x198.jpg 300w, https:\/\/www.ocorreionews.com.br\/acervo-correio\/wp-content\/uploads\/2016\/07\/13658913_675551175929277_5117582568122338123_n.jpg 600w\" sizes=\"auto, (max-width: 300px) 100vw, 300px\" \/><\/a><\/p>\n<p style=\"text-align: justify;\"><span style=\"font-size: small;\"><br \/>\nPara Edison Ferreira est\u00e1 \u00e9 uma oportunidade para que o munic\u00edpio receba uma unidade da Escola Sesc. \u201cHoje a Escola Sesc utiliza o m\u00e9todo de ensino da Escola Bil\u00edngue e abrange alunos da Educa\u00e7\u00e3o Infantil ao 9\u00ba ano do Ensino Fundamental. Est\u00e1 estrutura pode ser implantada em Chapad\u00e3o do Sul atrav\u00e9s do uma parceria com a Prefeitura\u201d, disse.\u00a0 <\/span><\/p>\n<p style=\"text-align: justify;\"><span style=\"font-size: small;\"><br \/>\nA diretora regional do Sesc, Regina Ferro, aproveitou a oportunidade e apresentou ao pr\u00e9-candidato o novo projeto a Unidade M\u00f3vel Sa\u00fade da Mulher do Sesc que realizar gratuitamente exames de mamografia e Papanicolau. \u201cAtrav\u00e9s dessa parceria podemos levar a Unidade M\u00f3vel para Chapad\u00e3o do Sul e realizar exames preventivos, auxiliando na sa\u00fade das mulheres do munic\u00edpio\u201d, disse.<br \/>\n<\/span><\/p>\n<p style=\"text-align: justify;\">\u00a0\u00a0 <a href=\"https:\/\/ocorreionews.com.br\/wp-content\/uploads\/2016\/07\/13726757_675549685929426_1676865824478534797_n.jpg\"><img loading=\"lazy\" decoding=\"async\" class=\"alignnone size-medium wp-image-31690\" src=\"https:\/\/ocorreionews.com.br\/wp-content\/uploads\/2016\/07\/13726757_675549685929426_1676865824478534797_n-300x224.jpg\" alt=\"13726757_675549685929426_1676865824478534797_n\" width=\"300\" height=\"224\" srcset=\"https:\/\/www.ocorreionews.com.br\/acervo-correio\/wp-content\/uploads\/2016\/07\/13726757_675549685929426_1676865824478534797_n-300x224.jpg 300w, https:\/\/www.ocorreionews.com.br\/acervo-correio\/wp-content\/uploads\/2016\/07\/13726757_675549685929426_1676865824478534797_n-100x75.jpg 100w, https:\/\/www.ocorreionews.com.br\/acervo-correio\/wp-content\/uploads\/2016\/07\/13726757_675549685929426_1676865824478534797_n.jpg 600w\" sizes=\"auto, (max-width: 300px) 100vw, 300px\" \/><\/a><\/p>\n<p style=\"text-align: justify;\">Assessoria imprensa do pr\u00e9-candidato<\/p>\n","protected":false},"excerpt":{"rendered":"<p>O principal objetivo do encontro foi incrementar a qualifica\u00e7\u00e3o profissional dos trabalhadores e aperfei\u00e7oar servi\u00e7os na \u00e1rea de Sa\u00fade, por meio do Sesc* O pr\u00e9-candidato \u00e0 Prefeitura de Chapad\u00e3o do Sul pelo PSDB, Jo\u00e3o Carlos Krug, se reuniu com representantes do Com\u00e9rcio em Campo Grande, nesta quarta-feira (13), para discutir desafios e projetos para o [&hellip;]<\/p>\n","protected":false},"author":4,"featured_media":31688,"comment_status":"closed","ping_status":"closed","sticky":false,"template":"","format":"standard","meta":{"footnotes":""},"categories":[23],"tags":[],"class_list":["post-31686","post","type-post","status-publish","format-standard","has-post-thumbnail","hentry","category-chapadao-do-sul"],"_links":{"self":[{"href":"https:\/\/www.ocorreionews.com.br\/acervo-correio\/index.php?rest_route=\/wp\/v2\/posts\/31686","targetHints":{"allow":["GET"]}}],"collection":[{"href":"https:\/\/www.ocorreionews.com.br\/acervo-correio\/index.php?rest_route=\/wp\/v2\/posts"}],"about":[{"href":"https:\/\/www.ocorreionews.com.br\/acervo-correio\/index.php?rest_route=\/wp\/v2\/types\/post"}],"author":[{"embeddable":true,"href":"https:\/\/www.ocorreionews.com.br\/acervo-correio\/index.php?rest_route=\/wp\/v2\/users\/4"}],"replies":[{"embeddable":true,"href":"https:\/\/www.ocorreionews.com.br\/acervo-correio\/index.php?rest_route=%2Fwp%2Fv2%2Fcomments&post=31686"}],"version-history":[{"count":0,"href":"https:\/\/www.ocorreionews.com.br\/acervo-correio\/index.php?rest_route=\/wp\/v2\/posts\/31686\/revisions"}],"wp:featuredmedia":[{"embeddable":true,"href":"https:\/\/www.ocorreionews.com.br\/acervo-correio\/index.php?rest_route=\/wp\/v2\/media\/31688"}],"wp:attachment":[{"href":"https:\/\/www.ocorreionews.com.br\/acervo-correio\/index.php?rest_route=%2Fwp%2Fv2%2Fmedia&parent=31686"}],"wp:term":[{"taxonomy":"category","embeddable":true,"href":"https:\/\/www.ocorreionews.com.br\/acervo-correio\/index.php?rest_route=%2Fwp%2Fv2%2Fcategories&post=31686"},{"taxonomy":"post_tag","embeddable":true,"href":"https:\/\/www.ocorreionews.com.br\/acervo-correio\/index.php?rest_route=%2Fwp%2Fv2%2Ftags&post=31686"}],"curies":[{"name":"wp","href":"https:\/\/api.w.org\/{rel}","templated":true}]}}