{"id":31699,"date":"2016-07-14T09:57:30","date_gmt":"2016-07-14T13:57:30","guid":{"rendered":"https:\/\/ocorreionews.com.br\/?p=31699"},"modified":"2016-07-14T09:57:30","modified_gmt":"2016-07-14T13:57:30","slug":"ruas-ficam-cobertas-por-granizo-apos-chuva-em-nao-me-toque","status":"publish","type":"post","link":"https:\/\/www.ocorreionews.com.br\/acervo-correio\/?p=31699","title":{"rendered":"Ruas ficam cobertas por granizo ap\u00f3s chuva em N\u00e3o-Me-Toque"},"content":{"rendered":"<p>Depois de um dia com temperaturas elevadas, a noite foi assustadora para muitos moradores de N\u00e3o-Me-Toque. Por volta das 19h30min, uma forte chuva, acompanhada de vento e granizo foi registrada em v\u00e1rios bairros da cidade. No centro, a Avenida Alto Jacui ficou totalmente encoberta pelo granizo.<\/p>\n<p>O gin\u00e1sio da Escola Estadual Geny Vieira da Cunha tamb\u00e9m teve sua cobertura quebrada pelas pedras de gelo e o local ficou completamente alagado. O gin\u00e1sio da comunidade Evang\u00e9lica tamb\u00e9m ficou tomado pelas pedras. A informa\u00e7\u00f5es tamb\u00e9m que o granizo atingiu a sala de reuni\u00f5es e o bloco cir\u00fargico do Hospital Notre Dame J\u00falia Billiart.<\/p>\n<p>O Grupo de Socorristas Volunt\u00e1rios de Carazinho est\u00e1 neste momento se deslocando \u00e0 N\u00e3o-Me-Toque para auxiliar os Bombeiros Volunt\u00e1rios. A registros de muitas \u00e1rvores ca\u00eddas.<\/p>\n<p>At\u00e9 o momento, n\u00e3o h\u00e1 registro de feridos.<\/p>\n<p>Mais fotos dispon\u00edveis na fanpage da R\u00e1dio 90.9 FM<\/p>\n<p><a href=\"http:\/\/www.rd90fm.com\/radio\/wp-content\/uploads\/2016\/07\/13620273_308449252823606_7203355859699692648_n.jpg\" rel=\"fancybox-gallery\"><img loading=\"lazy\" decoding=\"async\" class=\"size-medium wp-image-7911 aligncenter\" title=\"13620273_308449252823606_7203355859699692648_n\" src=\"http:\/\/www.rd90fm.com\/radio\/wp-content\/uploads\/2016\/07\/13620273_308449252823606_7203355859699692648_n-300x180.jpg\" alt=\"\" width=\"300\" height=\"180\" \/><\/a><\/p>\n<p>&nbsp;<\/p>\n<p><a href=\"http:\/\/www.rd90fm.com\/radio\/wp-content\/uploads\/2016\/07\/13726571_1052918164804362_4525183474165700533_n.jpg\" rel=\"fancybox-gallery\"><img loading=\"lazy\" decoding=\"async\" class=\"size-medium wp-image-7916 aligncenter\" title=\"13726571_1052918164804362_4525183474165700533_n\" src=\"http:\/\/www.rd90fm.com\/radio\/wp-content\/uploads\/2016\/07\/13726571_1052918164804362_4525183474165700533_n-225x300.jpg\" alt=\"\" width=\"225\" height=\"300\" \/><\/a><\/p>\n<p><a href=\"http:\/\/www.rd90fm.com\/radio\/wp-content\/uploads\/2016\/07\/13658994_1052918148137697_3250251378591635082_n.jpg\" rel=\"fancybox-gallery\"><img loading=\"lazy\" decoding=\"async\" class=\"size-medium wp-image-7917 aligncenter\" title=\"13658994_1052918148137697_3250251378591635082_n\" src=\"http:\/\/www.rd90fm.com\/radio\/wp-content\/uploads\/2016\/07\/13658994_1052918148137697_3250251378591635082_n-225x300.jpg\" alt=\"\" width=\"225\" height=\"300\" \/><\/a><\/p>\n<p>Produ\u00e7\u00e3o: Departamento de Jornalismo da R\u00e1dio 90.9 FM<\/p>\n","protected":false},"excerpt":{"rendered":"<p>Depois de um dia com temperaturas elevadas, a noite foi assustadora para muitos moradores de N\u00e3o-Me-Toque. Por volta das 19h30min, uma forte chuva, acompanhada de vento e granizo foi registrada em v\u00e1rios bairros da cidade. No centro, a Avenida Alto Jacui ficou totalmente encoberta pelo granizo. O gin\u00e1sio da Escola Estadual Geny Vieira da Cunha [&hellip;]<\/p>\n","protected":false},"author":4,"featured_media":31700,"comment_status":"closed","ping_status":"closed","sticky":false,"template":"","format":"standard","meta":{"footnotes":""},"categories":[31],"tags":[],"class_list":["post-31699","post","type-post","status-publish","format-standard","has-post-thumbnail","hentry","category-geral"],"_links":{"self":[{"href":"https:\/\/www.ocorreionews.com.br\/acervo-correio\/index.php?rest_route=\/wp\/v2\/posts\/31699","targetHints":{"allow":["GET"]}}],"collection":[{"href":"https:\/\/www.ocorreionews.com.br\/acervo-correio\/index.php?rest_route=\/wp\/v2\/posts"}],"about":[{"href":"https:\/\/www.ocorreionews.com.br\/acervo-correio\/index.php?rest_route=\/wp\/v2\/types\/post"}],"author":[{"embeddable":true,"href":"https:\/\/www.ocorreionews.com.br\/acervo-correio\/index.php?rest_route=\/wp\/v2\/users\/4"}],"replies":[{"embeddable":true,"href":"https:\/\/www.ocorreionews.com.br\/acervo-correio\/index.php?rest_route=%2Fwp%2Fv2%2Fcomments&post=31699"}],"version-history":[{"count":0,"href":"https:\/\/www.ocorreionews.com.br\/acervo-correio\/index.php?rest_route=\/wp\/v2\/posts\/31699\/revisions"}],"wp:featuredmedia":[{"embeddable":true,"href":"https:\/\/www.ocorreionews.com.br\/acervo-correio\/index.php?rest_route=\/wp\/v2\/media\/31700"}],"wp:attachment":[{"href":"https:\/\/www.ocorreionews.com.br\/acervo-correio\/index.php?rest_route=%2Fwp%2Fv2%2Fmedia&parent=31699"}],"wp:term":[{"taxonomy":"category","embeddable":true,"href":"https:\/\/www.ocorreionews.com.br\/acervo-correio\/index.php?rest_route=%2Fwp%2Fv2%2Fcategories&post=31699"},{"taxonomy":"post_tag","embeddable":true,"href":"https:\/\/www.ocorreionews.com.br\/acervo-correio\/index.php?rest_route=%2Fwp%2Fv2%2Ftags&post=31699"}],"curies":[{"name":"wp","href":"https:\/\/api.w.org\/{rel}","templated":true}]}}