{"id":31701,"date":"2016-07-14T09:34:17","date_gmt":"2016-07-14T13:34:17","guid":{"rendered":"https:\/\/ocorreionews.com.br\/?p=31701"},"modified":"2016-07-14T09:34:17","modified_gmt":"2016-07-14T13:34:17","slug":"tradicional-festa-do-senhor-do-bom-jesus-chega-a-sua-79a-edicao-em-costa-rica","status":"publish","type":"post","link":"https:\/\/www.ocorreionews.com.br\/acervo-correio\/?p=31701","title":{"rendered":"Tradicional Festa do Senhor do Bom Jesus chega a sua 79\u00aa edi\u00e7\u00e3o em Costa Rica"},"content":{"rendered":"<div>Com o objetivo resgatar a tradi\u00e7\u00e3o religiosa e tur\u00edstica da popula\u00e7\u00e3o de Costa Rica &#8211; MS e regi\u00e3o e angariar recursos para a comunidade, a 79\u00aa festa em homenagem ao Senhor Bom Jesus, conhecido popularmente como o Santo Fuj\u00e3o ser\u00e1 realizada entre os dias 05 e 07 de agosto de 2016, com entrada gratuita.<\/div>\n<div><\/div>\n<div>Realizada pela Par\u00f3quia Santo Ant\u00f4nio de P\u00e1dua por meio dos festeiros: Ronaldo Felisbino Narciso e esposa, Keller Melo, Jos\u00e9 Alcides Simpl\u00edcio e esposa, a festividade acontece na Comunidade da Capela. A Igreja Cat\u00f3lica realizar\u00e1 missas para receber os devotos do Santo Fuj\u00e3o que vem para pagar promessas ou para visitar o local, assim tamb\u00e9m ser\u00e1 realizada a 79\u00aa edi\u00e7\u00e3o da Festa do Senhor do Bom Jesus no sal\u00e3o de festas constru\u00eddo para receber os visitantes.<\/div>\n<div><\/div>\n<div>As comemora\u00e7\u00f5es ser\u00e3o iniciadas na sexta-feira (05), \u00e0s 19 horas com uma missa. Haver\u00e1 ainda o levantamento do mastro. J\u00e1 no s\u00e1bado (06), a missa tamb\u00e9m ser\u00e1 \u00e0s 19 horas em comemora\u00e7\u00e3o ao dia do Senhor do Bom Jesus. Ap\u00f3s ambas as celebra\u00e7\u00f5es, o grupo Sociedade Baileira animar\u00e1 a festa que tamb\u00e9m vai ter leil\u00e3o de prendas.<\/div>\n<div><\/div>\n<div>O ponto alto da festan\u00e7a \u00e9 no domingo (06), onde acontece a tradicional Caminhada da F\u00e9 \u00e0s 02 horas com a sa\u00edda na Pra\u00e7a Central da cidade e chegada prevista \u00e0s 06 horas onde os participantes poder\u00e3o prestigiar um desjejum preparado pelos organizadores da festa. \u00c0s 04 horas os cavaleiros sair\u00e3o de frente ao Auto Posto Avenida e seguem na tradicional cavalgada com chegada prevista para \u00e0s 09 horas.<\/div>\n<div><\/div>\n<div>\u00c0s 10 horas ser\u00e1 realizada uma Missa Sertaneja com o Padre Wilkson e \u00e0s 12 horas ser\u00e1 servido um almo\u00e7o com churrasco. Ap\u00f3s o almo\u00e7o, ir\u00e1 acontecer o Leil\u00e3o de Gado e o Show de Pr\u00eamios valendo uma motocicleta 125 cilindradas, uma TV de 32 polegadas e uma bicicleta 18 marchas. O p\u00e1roco Wilkson, o padre Carlos e os festeiros convidam a toda popula\u00e7\u00e3o costarriquense para que compare\u00e7am \u00e0 festa.<\/div>\n<div><a href=\"https:\/\/ocorreionews.com.br\/wp-content\/uploads\/2016\/07\/festa-senhor-bom-jesus-2016.jpg\"><img loading=\"lazy\" decoding=\"async\" class=\"alignnone wp-image-31702 \" src=\"https:\/\/ocorreionews.com.br\/wp-content\/uploads\/2016\/07\/festa-senhor-bom-jesus-2016.jpg\" alt=\"festa senhor bom jesus 2016\" width=\"791\" height=\"1122\" srcset=\"https:\/\/www.ocorreionews.com.br\/acervo-correio\/wp-content\/uploads\/2016\/07\/festa-senhor-bom-jesus-2016.jpg 630w, https:\/\/www.ocorreionews.com.br\/acervo-correio\/wp-content\/uploads\/2016\/07\/festa-senhor-bom-jesus-2016-211x300.jpg 211w\" sizes=\"auto, (max-width: 791px) 100vw, 791px\" \/><\/a><\/div>\n<div><\/div>\n<div><\/div>\n<div>Costa Rica em Foco<\/div>\n","protected":false},"excerpt":{"rendered":"<p>Com o objetivo resgatar a tradi\u00e7\u00e3o religiosa e tur\u00edstica da popula\u00e7\u00e3o de Costa Rica &#8211; MS e regi\u00e3o e angariar recursos para a comunidade, a 79\u00aa festa em homenagem ao Senhor Bom Jesus, conhecido popularmente como o Santo Fuj\u00e3o ser\u00e1 realizada entre os dias 05 e 07 de agosto de 2016, com entrada gratuita. Realizada [&hellip;]<\/p>\n","protected":false},"author":4,"featured_media":6823,"comment_status":"closed","ping_status":"closed","sticky":false,"template":"","format":"standard","meta":{"footnotes":""},"categories":[25],"tags":[],"class_list":["post-31701","post","type-post","status-publish","format-standard","has-post-thumbnail","hentry","category-costa-rica"],"_links":{"self":[{"href":"https:\/\/www.ocorreionews.com.br\/acervo-correio\/index.php?rest_route=\/wp\/v2\/posts\/31701","targetHints":{"allow":["GET"]}}],"collection":[{"href":"https:\/\/www.ocorreionews.com.br\/acervo-correio\/index.php?rest_route=\/wp\/v2\/posts"}],"about":[{"href":"https:\/\/www.ocorreionews.com.br\/acervo-correio\/index.php?rest_route=\/wp\/v2\/types\/post"}],"author":[{"embeddable":true,"href":"https:\/\/www.ocorreionews.com.br\/acervo-correio\/index.php?rest_route=\/wp\/v2\/users\/4"}],"replies":[{"embeddable":true,"href":"https:\/\/www.ocorreionews.com.br\/acervo-correio\/index.php?rest_route=%2Fwp%2Fv2%2Fcomments&post=31701"}],"version-history":[{"count":0,"href":"https:\/\/www.ocorreionews.com.br\/acervo-correio\/index.php?rest_route=\/wp\/v2\/posts\/31701\/revisions"}],"wp:featuredmedia":[{"embeddable":true,"href":"https:\/\/www.ocorreionews.com.br\/acervo-correio\/index.php?rest_route=\/wp\/v2\/media\/6823"}],"wp:attachment":[{"href":"https:\/\/www.ocorreionews.com.br\/acervo-correio\/index.php?rest_route=%2Fwp%2Fv2%2Fmedia&parent=31701"}],"wp:term":[{"taxonomy":"category","embeddable":true,"href":"https:\/\/www.ocorreionews.com.br\/acervo-correio\/index.php?rest_route=%2Fwp%2Fv2%2Fcategories&post=31701"},{"taxonomy":"post_tag","embeddable":true,"href":"https:\/\/www.ocorreionews.com.br\/acervo-correio\/index.php?rest_route=%2Fwp%2Fv2%2Ftags&post=31701"}],"curies":[{"name":"wp","href":"https:\/\/api.w.org\/{rel}","templated":true}]}}