{"id":31706,"date":"2016-07-14T09:52:51","date_gmt":"2016-07-14T13:52:51","guid":{"rendered":"https:\/\/ocorreionews.com.br\/?p=31706"},"modified":"2016-07-14T09:52:51","modified_gmt":"2016-07-14T13:52:51","slug":"virada-cultural-divulgada-lista-de-apresentacoes-do-festival-da-cancao","status":"publish","type":"post","link":"https:\/\/www.ocorreionews.com.br\/acervo-correio\/?p=31706","title":{"rendered":"Virada Cultural: Divulgada lista de apresenta\u00e7\u00f5es do Festival da Can\u00e7\u00e3o"},"content":{"rendered":"<p>A Secretaria de Cultura e Esporte divulgou nesta quarta-feira, 13, a lista completa dos cantores e o dia da apresenta\u00e7\u00e3o do Festival da Can\u00e7\u00e3o, que faz parte da programa\u00e7\u00e3o da Virada Cultural 2016, que acontece de 19 a 23 de julho, na Pra\u00e7a de Eventos.<\/p>\n<p>Veja abaixo os cantores que se apresentar\u00e3o no primeiro e segundo dia do festival.<\/p>\n<p><u><strong>1\u00ba dia do festival da can\u00e7\u00e3o (21\/07\/2016)<\/strong><\/u><\/p>\n<p><strong>\u00a0\u00a0\u00a0\u00a0\u00a0\u00a0\u00a0 Gospel:<\/strong><\/p>\n<ol>\n<li value=\"NaN\">Alexandro Jos\u00e9 da Silva<\/li>\n<li value=\"NaN\">Edson da Silva Barbosa<\/li>\n<li value=\"NaN\">Gabriel Rezende de Souza<\/li>\n<li value=\"NaN\">Lindomar Alves<\/li>\n<\/ol>\n<p>&nbsp;<\/p>\n<p><strong>Sertanejo:<\/strong><\/p>\n<ol>\n<li value=\"NaN\">Marielena da silva Palomares<\/li>\n<li value=\"NaN\">Jo\u00e3o e Geovane<\/li>\n<li value=\"NaN\">Pamela Nayara<\/li>\n<li value=\"NaN\">Fabiano Vasquez de Souza<\/li>\n<li value=\"NaN\">Paulo Ricardo Costa Cruz<\/li>\n<li value=\"NaN\">Umberto Carlos Da Silva<\/li>\n<\/ol>\n<p>&nbsp;<\/p>\n<p><strong>MPB:<\/strong><\/p>\n<ol>\n<li value=\"NaN\">Ludimar Costa<\/li>\n<li value=\"NaN\">Bruna Caroline Monteiro<\/li>\n<li value=\"NaN\">Ariana Portz de Oliveira<\/li>\n<li value=\"NaN\">Laura Romancini Toledo<\/li>\n<li value=\"NaN\">MARCOS CEZAR DE OLIVEIRA<\/li>\n<\/ol>\n<p>&nbsp;<\/p>\n<p><u><strong>2\u00ba dia do festival da can\u00e7\u00e3o (22\/07\/2016)<\/strong><\/u><\/p>\n<p>&nbsp;<\/p>\n<p><strong>\u00a0 \u00a0 \u00a0 \u00a0 Gospel:<\/strong><\/p>\n<ol>\n<li value=\"NaN\">Gil cristian Santos da Silva<\/li>\n<li value=\"NaN\">KALITA DOS REIS PAIVA<\/li>\n<li value=\"NaN\">Kesia silva<\/li>\n<li value=\"NaN\">S\u00e2mela Mayla<\/li>\n<li value=\"NaN\">Sandro lima<\/li>\n<\/ol>\n<p>&nbsp;<\/p>\n<p><strong>Sertanejo:<\/strong><\/p>\n<ol>\n<li value=\"NaN\">Cristiano da Silva Santos<\/li>\n<li value=\"NaN\">Leo e Nathy<\/li>\n<li value=\"NaN\">Pedro Henrique e Kassio Clayton<\/li>\n<li value=\"NaN\">Jonathan e Marcos<\/li>\n<li value=\"NaN\">ROBSON ROQUES &amp; SANTIAGO<\/li>\n<li value=\"NaN\">Marco Aur\u00e9lio e Carlos viola<\/li>\n<li value=\"NaN\">Oelinton Cornelius<\/li>\n<\/ol>\n<p>&nbsp;<\/p>\n<p><strong>MPB:<\/strong><\/p>\n<ol>\n<li value=\"NaN\">Crys Vander<\/li>\n<li value=\"NaN\">IVONETE GON\u00c7ALVES<\/li>\n<li value=\"NaN\">RICARDO MOIS\u00c9S<\/li>\n<li value=\"NaN\">RODRIGO ANTONIO GUERREIRO\u00ad<\/li>\n<li value=\"NaN\">RONY VOX<\/li>\n<li value=\"NaN\">Bianca Neres de Oliveira<\/li>\n<\/ol>\n<p>&nbsp;<\/p>\n<p>&nbsp;<\/p>\n<p>&nbsp;<\/p>\n<p>&nbsp;<\/p>\n<p>&nbsp;<\/p>\n<p>Assecom PMCS<\/p>\n","protected":false},"excerpt":{"rendered":"<p>A Secretaria de Cultura e Esporte divulgou nesta quarta-feira, 13, a lista completa dos cantores e o dia da apresenta\u00e7\u00e3o do Festival da Can\u00e7\u00e3o, que faz parte da programa\u00e7\u00e3o da Virada Cultural 2016, que acontece de 19 a 23 de julho, na Pra\u00e7a de Eventos. Veja abaixo os cantores que se apresentar\u00e3o no primeiro e [&hellip;]<\/p>\n","protected":false},"author":4,"featured_media":30177,"comment_status":"closed","ping_status":"closed","sticky":false,"template":"","format":"standard","meta":{"footnotes":""},"categories":[23],"tags":[],"class_list":["post-31706","post","type-post","status-publish","format-standard","has-post-thumbnail","hentry","category-chapadao-do-sul"],"_links":{"self":[{"href":"https:\/\/www.ocorreionews.com.br\/acervo-correio\/index.php?rest_route=\/wp\/v2\/posts\/31706","targetHints":{"allow":["GET"]}}],"collection":[{"href":"https:\/\/www.ocorreionews.com.br\/acervo-correio\/index.php?rest_route=\/wp\/v2\/posts"}],"about":[{"href":"https:\/\/www.ocorreionews.com.br\/acervo-correio\/index.php?rest_route=\/wp\/v2\/types\/post"}],"author":[{"embeddable":true,"href":"https:\/\/www.ocorreionews.com.br\/acervo-correio\/index.php?rest_route=\/wp\/v2\/users\/4"}],"replies":[{"embeddable":true,"href":"https:\/\/www.ocorreionews.com.br\/acervo-correio\/index.php?rest_route=%2Fwp%2Fv2%2Fcomments&post=31706"}],"version-history":[{"count":0,"href":"https:\/\/www.ocorreionews.com.br\/acervo-correio\/index.php?rest_route=\/wp\/v2\/posts\/31706\/revisions"}],"wp:featuredmedia":[{"embeddable":true,"href":"https:\/\/www.ocorreionews.com.br\/acervo-correio\/index.php?rest_route=\/wp\/v2\/media\/30177"}],"wp:attachment":[{"href":"https:\/\/www.ocorreionews.com.br\/acervo-correio\/index.php?rest_route=%2Fwp%2Fv2%2Fmedia&parent=31706"}],"wp:term":[{"taxonomy":"category","embeddable":true,"href":"https:\/\/www.ocorreionews.com.br\/acervo-correio\/index.php?rest_route=%2Fwp%2Fv2%2Fcategories&post=31706"},{"taxonomy":"post_tag","embeddable":true,"href":"https:\/\/www.ocorreionews.com.br\/acervo-correio\/index.php?rest_route=%2Fwp%2Fv2%2Ftags&post=31706"}],"curies":[{"name":"wp","href":"https:\/\/api.w.org\/{rel}","templated":true}]}}