{"id":31842,"date":"2016-07-18T09:16:32","date_gmt":"2016-07-18T13:16:32","guid":{"rendered":"https:\/\/ocorreionews.com.br\/?p=31842"},"modified":"2016-07-18T10:05:53","modified_gmt":"2016-07-18T14:05:53","slug":"processos-eleitorais-terao-prioridade-a-partir-de-quarta-feira","status":"publish","type":"post","link":"https:\/\/www.ocorreionews.com.br\/acervo-correio\/?p=31842","title":{"rendered":"Processos eleitorais ter\u00e3o prioridade a partir de quarta-feira"},"content":{"rendered":"<div class=\"bloco_texto_span\">\n<p>A partir da pr\u00f3xima quarta-feira (dia 20), os processos eleitorais ter\u00e3o prioridade de tramita\u00e7\u00e3o e julgamento para a participa\u00e7\u00e3o do Minist\u00e9rio P\u00fablico e dos ju\u00edzes de todas as justi\u00e7as e inst\u00e2ncias. S\u00e3o exce\u00e7\u00e3o apenas os processos de habeas corpus e mandado de seguran\u00e7a. A determina\u00e7\u00e3o \u00e9 da Lei das Elei\u00e7\u00f5es (Lei 9504\/1997).<\/p>\n<p class=\"veja_mais_simples\">Para a apura\u00e7\u00e3o dos delitos eleitorais, a Justi\u00e7a Eleitoral contar\u00e1 com o aux\u00edlio das pol\u00edcias judici\u00e1rias, dos \u00f3rg\u00e3os da receita federal, estadual e municipal e dos demais tribunais e \u00f3rg\u00e3os de contas. Os \u00f3rg\u00e3os da administra\u00e7\u00e3o p\u00fablica poder\u00e3o ser solicitados a fornecer informa\u00e7\u00f5es na \u00e1rea de sua compet\u00eancia e ceder funcion\u00e1rios no per\u00edodo de tr\u00eas meses antes a tr\u00eas meses depois de cada elei\u00e7\u00e3o.<\/p>\n<p>Os advogados dos candidatos, partidos e coliga\u00e7\u00f5es ser\u00e3o notificados sobre os processos pela Justi\u00e7a Eleitoral com anteced\u00eancia m\u00ednima de 24 horas. Nos tribunais eleitorais, os advogados ser\u00e3o intimados para os processos que n\u00e3o tratem sobre a cassa\u00e7\u00e3o do registro ou do diploma por meio da publica\u00e7\u00e3o de edital eletr\u00f4nico publicado na p\u00e1gina do respectivo tribunal na internet.<\/p>\n<\/div>\n<p>Campo Grande News<\/p>\n","protected":false},"excerpt":{"rendered":"<p>A partir da pr\u00f3xima quarta-feira (dia 20), os processos eleitorais ter\u00e3o prioridade de tramita\u00e7\u00e3o e julgamento para a participa\u00e7\u00e3o do Minist\u00e9rio P\u00fablico e dos ju\u00edzes de todas as justi\u00e7as e inst\u00e2ncias. S\u00e3o exce\u00e7\u00e3o apenas os processos de habeas corpus e mandado de seguran\u00e7a. A determina\u00e7\u00e3o \u00e9 da Lei das Elei\u00e7\u00f5es (Lei 9504\/1997). Para a apura\u00e7\u00e3o [&hellip;]<\/p>\n","protected":false},"author":4,"featured_media":29650,"comment_status":"closed","ping_status":"closed","sticky":false,"template":"","format":"standard","meta":{"footnotes":""},"categories":[37],"tags":[],"class_list":["post-31842","post","type-post","status-publish","format-standard","has-post-thumbnail","hentry","category-politica"],"_links":{"self":[{"href":"https:\/\/www.ocorreionews.com.br\/acervo-correio\/index.php?rest_route=\/wp\/v2\/posts\/31842","targetHints":{"allow":["GET"]}}],"collection":[{"href":"https:\/\/www.ocorreionews.com.br\/acervo-correio\/index.php?rest_route=\/wp\/v2\/posts"}],"about":[{"href":"https:\/\/www.ocorreionews.com.br\/acervo-correio\/index.php?rest_route=\/wp\/v2\/types\/post"}],"author":[{"embeddable":true,"href":"https:\/\/www.ocorreionews.com.br\/acervo-correio\/index.php?rest_route=\/wp\/v2\/users\/4"}],"replies":[{"embeddable":true,"href":"https:\/\/www.ocorreionews.com.br\/acervo-correio\/index.php?rest_route=%2Fwp%2Fv2%2Fcomments&post=31842"}],"version-history":[{"count":0,"href":"https:\/\/www.ocorreionews.com.br\/acervo-correio\/index.php?rest_route=\/wp\/v2\/posts\/31842\/revisions"}],"wp:featuredmedia":[{"embeddable":true,"href":"https:\/\/www.ocorreionews.com.br\/acervo-correio\/index.php?rest_route=\/wp\/v2\/media\/29650"}],"wp:attachment":[{"href":"https:\/\/www.ocorreionews.com.br\/acervo-correio\/index.php?rest_route=%2Fwp%2Fv2%2Fmedia&parent=31842"}],"wp:term":[{"taxonomy":"category","embeddable":true,"href":"https:\/\/www.ocorreionews.com.br\/acervo-correio\/index.php?rest_route=%2Fwp%2Fv2%2Fcategories&post=31842"},{"taxonomy":"post_tag","embeddable":true,"href":"https:\/\/www.ocorreionews.com.br\/acervo-correio\/index.php?rest_route=%2Fwp%2Fv2%2Ftags&post=31842"}],"curies":[{"name":"wp","href":"https:\/\/api.w.org\/{rel}","templated":true}]}}