{"id":31844,"date":"2016-07-18T09:19:23","date_gmt":"2016-07-18T13:19:23","guid":{"rendered":"https:\/\/ocorreionews.com.br\/?p=31844"},"modified":"2016-07-18T09:19:23","modified_gmt":"2016-07-18T13:19:23","slug":"ms-fecha-campanha-contra-aftosa-com-9941-de-cobertura-e-amplia-indice-de-vacinacao-pela-6a-vez","status":"publish","type":"post","link":"https:\/\/www.ocorreionews.com.br\/acervo-correio\/?p=31844","title":{"rendered":"MS fecha campanha contra aftosa com 99,41% de cobertura e amplia \u00edndice de vacina\u00e7\u00e3o pela 6\u00aa vez"},"content":{"rendered":"<p>O \u00edndice de vacina\u00e7\u00e3o de bovinos e bubalinos contra a febre aftosa no Estado de Mato Grosso do Sul na campanha de maio \u2013 encerrada no ultimo dia 1\u00ba de julho \u2013 foi de 99,41%, segundo relat\u00f3rio da Ag\u00eancia Estadual de Defesa Sanit\u00e1ria Animal e Vegetal (Iagro).<\/p>\n<table width=\"652\">\n<tbody>\n<tr>\n<td width=\"163\"><strong>\u00a0Regi\u00e3o<\/strong><\/td>\n<td width=\"163\"><strong>Animais envolvidos<\/strong><\/td>\n<td width=\"182\"><strong>Vacina\u00e7\u00e3o cadastrada<\/strong><\/td>\n<td width=\"144\"><strong>Percentual<\/strong><\/td>\n<\/tr>\n<tr>\n<td width=\"163\">Planalto<\/td>\n<td width=\"163\">16.652.973<\/td>\n<td width=\"182\">16.584.391<\/td>\n<td width=\"144\">99,59%<\/td>\n<\/tr>\n<tr>\n<td width=\"163\">Pantanal<\/td>\n<td width=\"163\">\u00a0 3.178.423<\/td>\n<td width=\"182\">\u00a03.135.070<\/td>\n<td width=\"144\">98,64%<\/td>\n<\/tr>\n<tr>\n<td width=\"163\">Fronteira<\/td>\n<td width=\"163\">\u00a0\u00a0\u00a0\u00a0 575.292<\/td>\n<td width=\"182\">\u00a0\u00a0\u00a0 573.669<\/td>\n<td width=\"144\">99,72%<\/td>\n<\/tr>\n<tr>\n<td colspan=\"4\" width=\"652\"><\/td>\n<\/tr>\n<tr>\n<td width=\"163\"><strong>TOTAL<\/strong><\/td>\n<td width=\"163\">20.406.688<\/td>\n<td width=\"182\">20.293.130<\/td>\n<td width=\"144\">99,41%<\/td>\n<\/tr>\n<\/tbody>\n<\/table>\n<p><em>Resultado da Campanha de vacina\u00e7\u00e3o contra febre aftosa em Mato Grosso do Sul (Maio\/2016). FONTE: Iagro<\/em><\/p>\n<p>O resultado, que supera o obtido nos \u00faltimos seis anos, deve garantir novamente a Mato Grosso do Sul coloca\u00e7\u00e3o entre os tr\u00eas Estados com melhor \u00edndice de vacina\u00e7\u00e3o no Pa\u00eds. Isso porque dos mais de 16.652.973 animais na regi\u00e3o do planalto, 16.584.391 tiveram sua vacina\u00e7\u00e3o registrada, ou seja, 99,59%, superando os do 99,44% obtidos no mesmo per\u00edodo no ano anterior. Na regi\u00e3o da fronteira, dos 575.292 animais 573.669 foram vacinados e registrados, totalizando 99,72%, percentual que tamb\u00e9m \u00e9 superior aos 97,66% do mesmo per\u00edodo do ano anterior, e na regi\u00e3o do Pantanal, a Iagro contabilizou 98,72% superando o percentual do mesmo per\u00edodo do ano anterior, que chegou aos 98,30%.<\/p>\n<p>Mato Grosso do Sul vem obtendo \u00edndices superiores a 99 por cento desde 2012, um \u00edndice considerado excelente.<\/p>\n<table width=\"329\">\n<tbody>\n<tr>\n<td width=\"158\"><strong>Ano<\/strong><\/td>\n<td width=\"170\"><strong>Campanha de Maio<\/strong><\/td>\n<\/tr>\n<tr>\n<td width=\"158\">2011<\/td>\n<td width=\"170\">97,65%<\/td>\n<\/tr>\n<tr>\n<td width=\"158\">2012<\/td>\n<td width=\"170\">99,02%<\/td>\n<\/tr>\n<tr>\n<td width=\"158\">2013<\/td>\n<td width=\"170\">99,18%<\/td>\n<\/tr>\n<tr>\n<td width=\"158\">2014<\/td>\n<td width=\"170\">99,16%<\/td>\n<\/tr>\n<tr>\n<td width=\"158\">2015<\/td>\n<td width=\"170\">99,33%<\/td>\n<\/tr>\n<tr>\n<td width=\"158\">2016<\/td>\n<td width=\"170\">99,41%<\/td>\n<\/tr>\n<\/tbody>\n<\/table>\n<p><em>Resultado da Campanha de vacina\u00e7\u00e3o contra febre aftosa em Mato Grosso do Sul (\u00faltimos 6 anos). FONTE: Iagro<\/em><\/p>\n<p>Durante todo o ano nas mais diversas a\u00e7\u00f5es, principalmente no Pantanal, a Iagro faz um alerta ao produtor sobre a obrigatoriedade do registro, que no caso do n\u00e3o cumprimento pode gerar multa de 1 (uma) UFERMS por animal n\u00e3o cadastrado \u2013 que hoje equivale a R$ R$ 23,63. A ag\u00eancia permanentemente disponibiliza o disque-aftosa (0800 679120) para esclarecer d\u00favidas e oferecer orienta\u00e7\u00f5es.<\/p>\n<p>A pr\u00f3xima etapa da campanha de vacina\u00e7\u00e3o contra a febre aftosa ser\u00e1 realizada durante o m\u00eas de novembro, quando todos os animais de 0 a 24 meses dever\u00e3o ser vacinados.<\/p>\n<p><strong>Controle<\/strong><\/p>\n<p>O controle da febre aftosa \u00e9 fundamental para a economia do Pa\u00eds, do ponto de vista econ\u00f4mico, pois \u00e9 um importante componente de acesso aos mercados. Isso porque os pa\u00edses compradores de carne estabelecem fortes barreiras \u00e0 entrada de animais suscet\u00edveis \u00e0 doen\u00e7a e aos produtos provenientes de regi\u00f5es com ocorr\u00eancia de aftosa, o que d\u00e1 a Mato Grosso do Sul uma grande responsabilidade.<\/p>\n<p>Desde a incid\u00eancia da doen\u00e7a h\u00e1 10 anos no Estado, os resultados obtidos nas campanhas contra a febre aftosa vem se repetindo. Aliada ao cumprimento de compromissos como a identifica\u00e7\u00e3o individual de todo rebanho da fronteira e a\u00e7\u00f5es permanentes de vigil\u00e2ncia, a excel\u00eancia vacinal \u2013 que na \u00faltima campanha colocou Mato Grosso do Sul entre os tr\u00eas Estados com melhores n\u00fameros no Pa\u00eds \u2013 contribuiu significativamente para a libera\u00e7\u00e3o das exporta\u00e7\u00f5es de carne bovina in natura da regi\u00e3o de fronteira, para a Uni\u00e3o Europeia e ades\u00e3o do Estado ao Sistema Brasileiro de Inspe\u00e7\u00e3o de Produtos de Origem Animal (<em><strong>SISBI<\/strong><\/em>-POA), medidas anunciadas recentemente pelo Minist\u00e9rio da Agricultura e Abastecimento (MAPA).<\/p>\n<p>&nbsp;<\/p>\n<p>&nbsp;<\/p>\n<p>&nbsp;<\/p>\n<p>&nbsp;<\/p>\n<p><em>Kelly Ventorim, da Assessoria de Comunica\u00e7\u00e3o da Iagro e da Sepaf<\/em><\/p>\n","protected":false},"excerpt":{"rendered":"<p>O \u00edndice de vacina\u00e7\u00e3o de bovinos e bubalinos contra a febre aftosa no Estado de Mato Grosso do Sul na campanha de maio \u2013 encerrada no ultimo dia 1\u00ba de julho \u2013 foi de 99,41%, segundo relat\u00f3rio da Ag\u00eancia Estadual de Defesa Sanit\u00e1ria Animal e Vegetal (Iagro). \u00a0Regi\u00e3o Animais envolvidos Vacina\u00e7\u00e3o cadastrada Percentual Planalto 16.652.973 [&hellip;]<\/p>\n","protected":false},"author":4,"featured_media":31845,"comment_status":"closed","ping_status":"closed","sticky":false,"template":"","format":"standard","meta":{"footnotes":""},"categories":[31],"tags":[],"class_list":["post-31844","post","type-post","status-publish","format-standard","has-post-thumbnail","hentry","category-geral"],"_links":{"self":[{"href":"https:\/\/www.ocorreionews.com.br\/acervo-correio\/index.php?rest_route=\/wp\/v2\/posts\/31844","targetHints":{"allow":["GET"]}}],"collection":[{"href":"https:\/\/www.ocorreionews.com.br\/acervo-correio\/index.php?rest_route=\/wp\/v2\/posts"}],"about":[{"href":"https:\/\/www.ocorreionews.com.br\/acervo-correio\/index.php?rest_route=\/wp\/v2\/types\/post"}],"author":[{"embeddable":true,"href":"https:\/\/www.ocorreionews.com.br\/acervo-correio\/index.php?rest_route=\/wp\/v2\/users\/4"}],"replies":[{"embeddable":true,"href":"https:\/\/www.ocorreionews.com.br\/acervo-correio\/index.php?rest_route=%2Fwp%2Fv2%2Fcomments&post=31844"}],"version-history":[{"count":0,"href":"https:\/\/www.ocorreionews.com.br\/acervo-correio\/index.php?rest_route=\/wp\/v2\/posts\/31844\/revisions"}],"wp:featuredmedia":[{"embeddable":true,"href":"https:\/\/www.ocorreionews.com.br\/acervo-correio\/index.php?rest_route=\/wp\/v2\/media\/31845"}],"wp:attachment":[{"href":"https:\/\/www.ocorreionews.com.br\/acervo-correio\/index.php?rest_route=%2Fwp%2Fv2%2Fmedia&parent=31844"}],"wp:term":[{"taxonomy":"category","embeddable":true,"href":"https:\/\/www.ocorreionews.com.br\/acervo-correio\/index.php?rest_route=%2Fwp%2Fv2%2Fcategories&post=31844"},{"taxonomy":"post_tag","embeddable":true,"href":"https:\/\/www.ocorreionews.com.br\/acervo-correio\/index.php?rest_route=%2Fwp%2Fv2%2Ftags&post=31844"}],"curies":[{"name":"wp","href":"https:\/\/api.w.org\/{rel}","templated":true}]}}