{"id":32007,"date":"2016-07-21T07:39:28","date_gmt":"2016-07-21T11:39:28","guid":{"rendered":"https:\/\/ocorreionews.com.br\/?p=32007"},"modified":"2016-07-21T07:39:28","modified_gmt":"2016-07-21T11:39:28","slug":"policia-civil-de-costa-rica-junto-com-o-notti-de-chapadao-do-sul-apreendem-maconha-e-cocaina-em-costa-rica","status":"publish","type":"post","link":"https:\/\/www.ocorreionews.com.br\/acervo-correio\/?p=32007","title":{"rendered":"Pol\u00edcia Civil de Costa Rica junto com o Notti de Chapad\u00e3o do Sul apreendem Maconha e Cocaina em Costa Rica"},"content":{"rendered":"<p>Um suposto menor foi abordado pelo Notti\u00a0de Chapad\u00e3o do Sul, no final da tarde dessa quarta-feira (20) e acabou entregando o \u201cchefe\u201d que foi preso em flagrante na cidade de Costa Rica com v\u00e1rios kilos de entorpecentes. Em abordagem policial o adolescente demonstrou nervosismo e ao ser interrogado admitiu que estava com droga na mala e contou de onde estava vindo.<\/p>\n<p>O \u201cmenor\u201d seguia na linha de \u00f4nibus de Costa Rica para Campo Grande at\u00e9 Mundo Novo, quando na MS 306, regi\u00e3o de Chapad\u00e3o do Sul foi abordado e demonstrou muito nervosismo, o que despertou a suspeita dos policiais. Dessa forma, ao ser questionado o adolescente acabou confessando que havia deixado uma quantidade de droga em Costa Rica pr\u00f3ximo a rodovi\u00e1ria e estava voltando para sua cidade de Mundo Novo.<\/p>\n<p>Segundo o delegado de Pol\u00edcia de Costa Rica, Alexandro Mendes de Ara\u00fajo, ap\u00f3s este fato e as informa\u00e7\u00f5es passadas pelo suposto menor, o delegado de Chapad\u00e3o do Sul informou a ele que foi em busca do citado pelo adolescente, onde efetuou a pris\u00e3o e apreens\u00f5es.<\/p>\n<p>\u201cN\u00f3s recebemos uma liga\u00e7\u00e3o do delegado de pol\u00edcia de Chapad\u00e3o do Sul, Danilo Mansur nos informando que durante uma opera\u00e7\u00e3o de rotina eles realizavam abordagens e dentre elas, suposto menor esbo\u00e7ou muito nervosismo dizendo que vinha da cidade de Mundo Novo at\u00e9 Costa Rica. O mesmo transportava uma mala contendo um peda\u00e7o de entorpecente. Indagado ele acabou revelando que vinha da casa de uma pessoa aqui da cidade de Costa Rica, na regi\u00e3o do Bairro Buenos Aires\u201d, disse o delegado.<\/p>\n<p>\u201cDe posse dessas informa\u00e7\u00f5es n\u00f3s nos dirigimos nos pontos suspeitos de serem pontos de tr\u00e1fico de entorpecente com o nome de Nando [Emerson Maia de Oliveira de 27anos] apresentado pelo adolescente e tivemos \u00eaxito em localiz\u00e1-la. Em sua resid\u00eancia foram encontrados uma quantidade de entorpecente, material em p\u00f3 branco semelhante a coca\u00edna e mais outros10 tabletes de maconha. No local tamb\u00e9m foi encontrado uma balan\u00e7a de precis\u00e3o, na qual o autor disse que trabalha com grandes quantidades mesmo e que n\u00e3o adquire pouca coisa, al\u00e9m de n\u00e3o vender fracionado e sim somente em grande quantidade\u201d, detalhou o Alexandro Mendes.<\/p>\n<p><img decoding=\"async\" src=\"http:\/\/www.mstododia.com.br\/uploads\/images\/DSC_0507.jpg\" alt=\"\" \/><\/p>\n<p>Foram aprendidos ainda com o homem identificado apenas como Nando at\u00e9 ent\u00e3o, dois \u00a0aparelhos de celulares, um ve\u00edculo Palio, 7,616kg de maconha e 1.97 kg de coca\u00edna, tudo em Costa Rica. Com o menor estava um peda\u00e7o de entorpecente e R$ 644 em dinheiro e dois celulares. Este \u00e9 da cidade de Mundo Novo. A\u00e7\u00e3o ocorreu por volta das 17h30 em Costa Rica.<\/p>\n<p><img decoding=\"async\" src=\"http:\/\/www.mstododia.com.br\/uploads\/images\/DSC_0521.jpg\" alt=\"\" \/><\/p>\n<p>O delegado enfatizou que ir\u00e1 investigar se de fato este que se diz menor \u00e9 de fato mas que o homem chamado de Nando foi preso em flagrante. \u201cEste Nando \u00e9 uma pessoa de Mundo Novo mais que alega n\u00e3o ter passagem Brasil, apenas uma no Paraguay, pelo fato de sua esposa ser do pa\u00eds vizinho, mas segundo o investigador Nailton ao checar a ficha do criminoso ele tem v\u00e1rias passagem pela policia civil de Chapad\u00e3o do Sul.<\/p>\n<p>Nesta a\u00e7\u00e3o conjunta entre as pol\u00edcia civil de Costa Rica e o Notti de Chapad\u00e3o do Sul conseguimos a pris\u00e3o de dois indiv\u00edduos, um se apresenta como sendo menor de idade, mas vamos fazer os procedimento de identifica\u00e7\u00e3o por que a suspeita que ele est\u00e1 apresentando documento falso. Ent\u00e3o n\u00f3s temos duas pris\u00f5es em flagrante por tr\u00e1fico de entorpecente e a apreens\u00e3o dessa quantidade de entorpecente, maconha e possivelmente coca\u00edna. Ainda h\u00e1 uma outra pessoa que conseguiu no momento do que adentramos na resid\u00eancia da pessoa de Nando, mas estamos realizando dilig\u00eancias no sentido de identificar e prende-lo\u201d, concluiu o delegado.<\/p>\n<p>Participaram da opera\u00e7\u00e3o a Policia Civil de Costa Rica junto com o NOTTI de Chapad\u00e3o do Sul. Estiveram na opera\u00e7\u00e3o delegado de Policia Civil de Costa Rica Alexandro Mendes de Ara\u00fajo e os Investigadores Paulo Humberto da Silva e Nailton Dos Santos Costa.<\/p>\n<p>&nbsp;<\/p>\n","protected":false},"excerpt":{"rendered":"<p>Um suposto menor foi abordado pelo Notti\u00a0de Chapad\u00e3o do Sul, no final da tarde dessa quarta-feira (20) e acabou entregando o \u201cchefe\u201d que foi preso em flagrante na cidade de Costa Rica com v\u00e1rios kilos de entorpecentes. Em abordagem policial o adolescente demonstrou nervosismo e ao ser interrogado admitiu que estava com droga na mala [&hellip;]<\/p>\n","protected":false},"author":4,"featured_media":32008,"comment_status":"closed","ping_status":"closed","sticky":false,"template":"","format":"standard","meta":{"footnotes":""},"categories":[23,25,38],"tags":[],"class_list":["post-32007","post","type-post","status-publish","format-standard","has-post-thumbnail","hentry","category-chapadao-do-sul","category-costa-rica","category-policia"],"_links":{"self":[{"href":"https:\/\/www.ocorreionews.com.br\/acervo-correio\/index.php?rest_route=\/wp\/v2\/posts\/32007","targetHints":{"allow":["GET"]}}],"collection":[{"href":"https:\/\/www.ocorreionews.com.br\/acervo-correio\/index.php?rest_route=\/wp\/v2\/posts"}],"about":[{"href":"https:\/\/www.ocorreionews.com.br\/acervo-correio\/index.php?rest_route=\/wp\/v2\/types\/post"}],"author":[{"embeddable":true,"href":"https:\/\/www.ocorreionews.com.br\/acervo-correio\/index.php?rest_route=\/wp\/v2\/users\/4"}],"replies":[{"embeddable":true,"href":"https:\/\/www.ocorreionews.com.br\/acervo-correio\/index.php?rest_route=%2Fwp%2Fv2%2Fcomments&post=32007"}],"version-history":[{"count":0,"href":"https:\/\/www.ocorreionews.com.br\/acervo-correio\/index.php?rest_route=\/wp\/v2\/posts\/32007\/revisions"}],"wp:featuredmedia":[{"embeddable":true,"href":"https:\/\/www.ocorreionews.com.br\/acervo-correio\/index.php?rest_route=\/wp\/v2\/media\/32008"}],"wp:attachment":[{"href":"https:\/\/www.ocorreionews.com.br\/acervo-correio\/index.php?rest_route=%2Fwp%2Fv2%2Fmedia&parent=32007"}],"wp:term":[{"taxonomy":"category","embeddable":true,"href":"https:\/\/www.ocorreionews.com.br\/acervo-correio\/index.php?rest_route=%2Fwp%2Fv2%2Fcategories&post=32007"},{"taxonomy":"post_tag","embeddable":true,"href":"https:\/\/www.ocorreionews.com.br\/acervo-correio\/index.php?rest_route=%2Fwp%2Fv2%2Ftags&post=32007"}],"curies":[{"name":"wp","href":"https:\/\/api.w.org\/{rel}","templated":true}]}}