{"id":32014,"date":"2016-07-21T08:06:12","date_gmt":"2016-07-21T12:06:12","guid":{"rendered":"https:\/\/ocorreionews.com.br\/?p=32014"},"modified":"2016-07-21T08:06:12","modified_gmt":"2016-07-21T12:06:12","slug":"justica-eleitoral-convoca-mesarios-para-comparecerem-ao-cartorio-eleitoral","status":"publish","type":"post","link":"https:\/\/www.ocorreionews.com.br\/acervo-correio\/?p=32014","title":{"rendered":"Justi\u00e7a Eleitoral Convoca mes\u00e1rios para comparecerem ao cart\u00f3rio eleitoral"},"content":{"rendered":"<p>A Justi\u00e7a Eleitoral, solicita aos eleitores convocados para atuarem como mes\u00e1rios nas Elei\u00e7\u00f5es Municipais 2016, que compare\u00e7am ao Cart\u00f3rio Eleitoral, localizado na Avenida Mato Grosso do Sul, n\u00ba 395, Parque Uni\u00e3o,\u00a0para receberem as informa\u00e7\u00f5es necess\u00e1rias.<\/p>\n<p>Hor\u00e1rio de funcionamento: 12h \u00e0s 19h.<\/p>\n","protected":false},"excerpt":{"rendered":"<p>A Justi\u00e7a Eleitoral, solicita aos eleitores convocados para atuarem como mes\u00e1rios nas Elei\u00e7\u00f5es Municipais 2016, que compare\u00e7am ao Cart\u00f3rio Eleitoral, localizado na Avenida Mato Grosso do Sul, n\u00ba 395, Parque Uni\u00e3o,\u00a0para receberem as informa\u00e7\u00f5es necess\u00e1rias. Hor\u00e1rio de funcionamento: 12h \u00e0s 19h.<\/p>\n","protected":false},"author":4,"featured_media":32015,"comment_status":"closed","ping_status":"closed","sticky":false,"template":"","format":"standard","meta":{"footnotes":""},"categories":[23],"tags":[],"class_list":["post-32014","post","type-post","status-publish","format-standard","has-post-thumbnail","hentry","category-chapadao-do-sul"],"_links":{"self":[{"href":"https:\/\/www.ocorreionews.com.br\/acervo-correio\/index.php?rest_route=\/wp\/v2\/posts\/32014","targetHints":{"allow":["GET"]}}],"collection":[{"href":"https:\/\/www.ocorreionews.com.br\/acervo-correio\/index.php?rest_route=\/wp\/v2\/posts"}],"about":[{"href":"https:\/\/www.ocorreionews.com.br\/acervo-correio\/index.php?rest_route=\/wp\/v2\/types\/post"}],"author":[{"embeddable":true,"href":"https:\/\/www.ocorreionews.com.br\/acervo-correio\/index.php?rest_route=\/wp\/v2\/users\/4"}],"replies":[{"embeddable":true,"href":"https:\/\/www.ocorreionews.com.br\/acervo-correio\/index.php?rest_route=%2Fwp%2Fv2%2Fcomments&post=32014"}],"version-history":[{"count":0,"href":"https:\/\/www.ocorreionews.com.br\/acervo-correio\/index.php?rest_route=\/wp\/v2\/posts\/32014\/revisions"}],"wp:featuredmedia":[{"embeddable":true,"href":"https:\/\/www.ocorreionews.com.br\/acervo-correio\/index.php?rest_route=\/wp\/v2\/media\/32015"}],"wp:attachment":[{"href":"https:\/\/www.ocorreionews.com.br\/acervo-correio\/index.php?rest_route=%2Fwp%2Fv2%2Fmedia&parent=32014"}],"wp:term":[{"taxonomy":"category","embeddable":true,"href":"https:\/\/www.ocorreionews.com.br\/acervo-correio\/index.php?rest_route=%2Fwp%2Fv2%2Fcategories&post=32014"},{"taxonomy":"post_tag","embeddable":true,"href":"https:\/\/www.ocorreionews.com.br\/acervo-correio\/index.php?rest_route=%2Fwp%2Fv2%2Ftags&post=32014"}],"curies":[{"name":"wp","href":"https:\/\/api.w.org\/{rel}","templated":true}]}}