{"id":32023,"date":"2016-07-21T09:04:54","date_gmt":"2016-07-21T13:04:54","guid":{"rendered":"https:\/\/ocorreionews.com.br\/?p=32023"},"modified":"2016-07-21T09:20:56","modified_gmt":"2016-07-21T13:20:56","slug":"empresario-afirma-que-e-dono-de-maconha-em-onibus-de-banda","status":"publish","type":"post","link":"https:\/\/www.ocorreionews.com.br\/acervo-correio\/?p=32023","title":{"rendered":"Empres\u00e1rio afirma que \u00e9 dono de maconha em \u00f4nibus de banda"},"content":{"rendered":"<p>O empres\u00e1rio V.M.P, de 52 anos, disse que era o dono de 1,4 tonelada de maconha encontrada em \u00f4nibus da Banda Mil, que \u00e9 do Paran\u00e1. Ele trabalha para o grupo musical.<\/p>\n<p>Ele confirmou que pegou a droga em Mato Grosso do Sul e n\u00e3o resistiu \u00e0 proposta de levar o entorpecente para o Paran\u00e1 e tentar receber R$ 20 mil pelo transporte. A origem da maconha foi apontada como sendo de Mundo Novo, que fica na divisa de estado.<\/p>\n<p>Segundo V.M.P, em relato \u00e0 pol\u00edcia, enquanto os integrantes da banda dormiam em hotel de Mundo Novo, ele carregou o ve\u00edculo e escondeu a droga entre os instrumentos musicais.<\/p>\n<p>O grupo musical voltava de show realizado em Maracaju na sexta-feira (15) e seguia para Medianeira (PR). A Pol\u00edcia Rodovi\u00e1ria Federal encontrou a carga il\u00edcita na BR-467, no munic\u00edpio de Cascavel (PR), hoje.<\/p>\n<p>Os demais passageiros do ve\u00edculo negaram qualquer participa\u00e7\u00e3o no tr\u00e1fico e afirmaram desconhecer o carregamento.<\/p>\n<p>Seis integrantes da banda est\u00e3o presos na delegacia da Pol\u00edcia Civil de Cascavel. Com a declara\u00e7\u00e3o do empres\u00e1rio, a Justi\u00e7a ir\u00e1 avaliar a culpabilidade dos demais m\u00fasicos e definir se eles ser\u00e3o libertados.<\/p>\n<p>Entre os ocupantes do ve\u00edculo estava at\u00e9 o pai de um dos m\u00fasicos, que fora pela primeira vez acompanhar o trabalho do filho.<\/p>\n<p>&nbsp;<\/p>\n<p><a href=\"https:\/\/ocorreionews.com.br\/wp-content\/uploads\/2016\/07\/banda-mil.jpg\"><img loading=\"lazy\" decoding=\"async\" class=\"alignnone wp-image-31928 size-full\" src=\"https:\/\/ocorreionews.com.br\/wp-content\/uploads\/2016\/07\/banda-mil.jpg\" alt=\"banda mil\" width=\"620\" height=\"465\" srcset=\"https:\/\/www.ocorreionews.com.br\/acervo-correio\/wp-content\/uploads\/2016\/07\/banda-mil.jpg 620w, https:\/\/www.ocorreionews.com.br\/acervo-correio\/wp-content\/uploads\/2016\/07\/banda-mil-300x225.jpg 300w, https:\/\/www.ocorreionews.com.br\/acervo-correio\/wp-content\/uploads\/2016\/07\/banda-mil-100x75.jpg 100w\" sizes=\"auto, (max-width: 620px) 100vw, 620px\" \/><\/a><\/p>\n<p>Correio do Estado<\/p>\n","protected":false},"excerpt":{"rendered":"<p>O empres\u00e1rio V.M.P, de 52 anos, disse que era o dono de 1,4 tonelada de maconha encontrada em \u00f4nibus da Banda Mil, que \u00e9 do Paran\u00e1. Ele trabalha para o grupo musical. Ele confirmou que pegou a droga em Mato Grosso do Sul e n\u00e3o resistiu \u00e0 proposta de levar o entorpecente para o Paran\u00e1 [&hellip;]<\/p>\n","protected":false},"author":4,"featured_media":32027,"comment_status":"closed","ping_status":"closed","sticky":false,"template":"","format":"standard","meta":{"footnotes":""},"categories":[38],"tags":[],"class_list":["post-32023","post","type-post","status-publish","format-standard","has-post-thumbnail","hentry","category-policia"],"_links":{"self":[{"href":"https:\/\/www.ocorreionews.com.br\/acervo-correio\/index.php?rest_route=\/wp\/v2\/posts\/32023","targetHints":{"allow":["GET"]}}],"collection":[{"href":"https:\/\/www.ocorreionews.com.br\/acervo-correio\/index.php?rest_route=\/wp\/v2\/posts"}],"about":[{"href":"https:\/\/www.ocorreionews.com.br\/acervo-correio\/index.php?rest_route=\/wp\/v2\/types\/post"}],"author":[{"embeddable":true,"href":"https:\/\/www.ocorreionews.com.br\/acervo-correio\/index.php?rest_route=\/wp\/v2\/users\/4"}],"replies":[{"embeddable":true,"href":"https:\/\/www.ocorreionews.com.br\/acervo-correio\/index.php?rest_route=%2Fwp%2Fv2%2Fcomments&post=32023"}],"version-history":[{"count":0,"href":"https:\/\/www.ocorreionews.com.br\/acervo-correio\/index.php?rest_route=\/wp\/v2\/posts\/32023\/revisions"}],"wp:featuredmedia":[{"embeddable":true,"href":"https:\/\/www.ocorreionews.com.br\/acervo-correio\/index.php?rest_route=\/wp\/v2\/media\/32027"}],"wp:attachment":[{"href":"https:\/\/www.ocorreionews.com.br\/acervo-correio\/index.php?rest_route=%2Fwp%2Fv2%2Fmedia&parent=32023"}],"wp:term":[{"taxonomy":"category","embeddable":true,"href":"https:\/\/www.ocorreionews.com.br\/acervo-correio\/index.php?rest_route=%2Fwp%2Fv2%2Fcategories&post=32023"},{"taxonomy":"post_tag","embeddable":true,"href":"https:\/\/www.ocorreionews.com.br\/acervo-correio\/index.php?rest_route=%2Fwp%2Fv2%2Ftags&post=32023"}],"curies":[{"name":"wp","href":"https:\/\/api.w.org\/{rel}","templated":true}]}}