{"id":32025,"date":"2016-07-21T09:12:48","date_gmt":"2016-07-21T13:12:48","guid":{"rendered":"https:\/\/ocorreionews.com.br\/?p=32025"},"modified":"2016-07-21T09:12:48","modified_gmt":"2016-07-21T13:12:48","slug":"taxa-de-vistoria-nao-sera-devolvida-e-quem-atrasou-nao-precisa-pagar","status":"publish","type":"post","link":"https:\/\/www.ocorreionews.com.br\/acervo-correio\/?p=32025","title":{"rendered":"Taxa de vistoria n\u00e3o ser\u00e1 devolvida e quem atrasou n\u00e3o precisa pagar"},"content":{"rendered":"<div class=\"bloco_texto_span\">\n<p>A taxa de vistoria que deixa de ser obrigat\u00f3ria a partir de hoje para ve\u00edculos com mais de 05 anos n\u00e3o ser\u00e1 devolvida aos contribuintes que j\u00e1 pagaram e quem est\u00e1 em atraso com o licenciamento n\u00e3o ter\u00e1 que pagar, segundo o diretor do Detran (Departamento Estadual de Tr\u00e2nsito), Gerson Claro.<\/p>\n<p class=\"veja_mais_simples\">A superintendente do Procon, Rosimeire Cec\u00edlia da Costa, explica que o servi\u00e7o de inspe\u00e7\u00e3o foi amparado em Lei e prestado aos contribuintes, por isso n\u00e3o cabe o ressarcimento. Quanto \u00e0 cobran\u00e7a de quem atrasou o pagamento, a superintendente explica que cabe \u00e0 decis\u00e3o do governo ap\u00f3s a revoga\u00e7\u00e3o.<\/p>\n<p>A revoga\u00e7\u00e3o da portaria consta no DOE (Di\u00e1rio Oficial do Estado) desta quinta-feira (21). Diante da enxurrada de a\u00e7\u00f5es, o governo estadual resolveu revogar a portaria at\u00e9 que o Contran (Conselho Nacional de Tr\u00e2nsito) se manifeste conclusivamente sobre o assunto.<\/p>\n<p>Entre contribuintes o questionamento sobre a restitui\u00e7\u00e3o de valores \u00e9 geral. No Facebook, v\u00e1rios comentam que pagaram recentemente e se mostram indignados. O valor vai de R$ 100,00 a R$ 120,00, dependendo se a vistoria \u00e9 feita diretamente no \u00f3rg\u00e3o ou empresa credenciada.<\/p>\n<p>Diretor do Detran, Gerson Claro explica que, sobre quem atrasou o pagamento do licenciamento, que as san\u00e7\u00f5es previstas n\u00e3o est\u00e3o relacionadas \u00e0 vistoria. Al\u00e9m da multa administrativa, quem \u00e9 flagrado durante blitz com CRLV (Certificado de Registro e Licenciamento) atrasado tem o ve\u00edculo apreendido, recebe sete pontos na CNH (Carteira Nacional de Habilita\u00e7\u00e3o) \u2013 a infra\u00e7\u00e3o \u00e9 considerada grav\u00edssima \u2013 e paga multa de R$ 191,54.<\/p>\n<p>Gerson alerta, ainda, que mesmo que n\u00e3o haja mais vistoria, que tem como prop\u00f3sito garantir que os ve\u00edculos estejam trafegando em condi\u00e7\u00f5es adequadas nas rodovias, a fiscaliza\u00e7\u00e3o estar\u00e1 atenta para garantir que n\u00e3o trafeguem em situa\u00e7\u00e3o que ofere\u00e7a risco como, por exemplo, pneus desgastados.<\/p>\n<\/div>\n<p>&nbsp;<\/p>\n<p>Campo Grande News<\/p>\n","protected":false},"excerpt":{"rendered":"<p>A taxa de vistoria que deixa de ser obrigat\u00f3ria a partir de hoje para ve\u00edculos com mais de 05 anos n\u00e3o ser\u00e1 devolvida aos contribuintes que j\u00e1 pagaram e quem est\u00e1 em atraso com o licenciamento n\u00e3o ter\u00e1 que pagar, segundo o diretor do Detran (Departamento Estadual de Tr\u00e2nsito), Gerson Claro. A superintendente do Procon, [&hellip;]<\/p>\n","protected":false},"author":4,"featured_media":7403,"comment_status":"closed","ping_status":"closed","sticky":false,"template":"","format":"standard","meta":{"footnotes":""},"categories":[31],"tags":[],"class_list":["post-32025","post","type-post","status-publish","format-standard","has-post-thumbnail","hentry","category-geral"],"_links":{"self":[{"href":"https:\/\/www.ocorreionews.com.br\/acervo-correio\/index.php?rest_route=\/wp\/v2\/posts\/32025","targetHints":{"allow":["GET"]}}],"collection":[{"href":"https:\/\/www.ocorreionews.com.br\/acervo-correio\/index.php?rest_route=\/wp\/v2\/posts"}],"about":[{"href":"https:\/\/www.ocorreionews.com.br\/acervo-correio\/index.php?rest_route=\/wp\/v2\/types\/post"}],"author":[{"embeddable":true,"href":"https:\/\/www.ocorreionews.com.br\/acervo-correio\/index.php?rest_route=\/wp\/v2\/users\/4"}],"replies":[{"embeddable":true,"href":"https:\/\/www.ocorreionews.com.br\/acervo-correio\/index.php?rest_route=%2Fwp%2Fv2%2Fcomments&post=32025"}],"version-history":[{"count":0,"href":"https:\/\/www.ocorreionews.com.br\/acervo-correio\/index.php?rest_route=\/wp\/v2\/posts\/32025\/revisions"}],"wp:featuredmedia":[{"embeddable":true,"href":"https:\/\/www.ocorreionews.com.br\/acervo-correio\/index.php?rest_route=\/wp\/v2\/media\/7403"}],"wp:attachment":[{"href":"https:\/\/www.ocorreionews.com.br\/acervo-correio\/index.php?rest_route=%2Fwp%2Fv2%2Fmedia&parent=32025"}],"wp:term":[{"taxonomy":"category","embeddable":true,"href":"https:\/\/www.ocorreionews.com.br\/acervo-correio\/index.php?rest_route=%2Fwp%2Fv2%2Fcategories&post=32025"},{"taxonomy":"post_tag","embeddable":true,"href":"https:\/\/www.ocorreionews.com.br\/acervo-correio\/index.php?rest_route=%2Fwp%2Fv2%2Ftags&post=32025"}],"curies":[{"name":"wp","href":"https:\/\/api.w.org\/{rel}","templated":true}]}}