{"id":32029,"date":"2016-07-21T09:49:11","date_gmt":"2016-07-21T13:49:11","guid":{"rendered":"https:\/\/ocorreionews.com.br\/?p=32029"},"modified":"2016-07-21T09:49:11","modified_gmt":"2016-07-21T13:49:11","slug":"paraiso-das-aguas-recebe-curso-gratuito-de-compras-governamentais","status":"publish","type":"post","link":"https:\/\/www.ocorreionews.com.br\/acervo-correio\/?p=32029","title":{"rendered":"Para\u00edso das \u00c1guas recebe curso gratuito de compras governamentais"},"content":{"rendered":"<div class=\"mainText\">\n<p class=\"leftText\">O Sebrae\/MS realiza de 01 a 05 de agosto, em Para\u00edso das \u00c1guas, o curso \u201cCompras Governamentais\u201d, que tem como p\u00fablico tanto empres\u00e1rios da regi\u00e3o quanto servidores p\u00fablicos ligados a compras de bens e servi\u00e7os para \u00f3rg\u00e3os p\u00fablicos.<\/p>\n<p class=\"leftText\">A capacita\u00e7\u00e3o ser\u00e1 realizada na Prefeitura Municipal (Av. Manoel Rodrigues da Cruz, 481, Centro), que apoia a iniciativa. Aos servidores p\u00fablicos, acontece das 13 \u00e0s 18 horas e, aos empres\u00e1rios, das 19 \u00e0s 22 horas; durante toda a semana.<\/p>\n<p class=\"leftText\">Vender a \u00f3rg\u00e3os p\u00fablicos pode representar uma importante fonte de receitas para um pequeno neg\u00f3cio. E comprar de microempreendedores individuais, micros e pequenas empresas locais representa economia de recursos a \u00f3rg\u00e3os p\u00fablicos \u2013 sejam municipais, estaduais ou federais; al\u00e9m de estimular o desenvolvimento local ao fazer o dinheiro girar na regi\u00e3o. O incentivo a esta rela\u00e7\u00e3o comercial est\u00e1 previsto na <a href=\"http:\/\/www.planalto.gov.br\/ccivil_03\/leis\/LCP\/Lcp123.htm\" target=\"_blank\">Lei Complementar 123\/2006<\/a> (<a href=\"http:\/\/www.leigeral.com.br\/portal\/main.jsp\" target=\"_blank\">Lei Geral da Micro e Pequena Empresa<\/a>).<\/p>\n<p class=\"leftText\">Durante o curso, quem deseja fornecer a \u00f3rg\u00e3os p\u00fablicos saber\u00e1 mais sobre os benef\u00edcios da lei que garante tratamento diferenciado, simplificado e favorecido aos pequenos neg\u00f3cios em licita\u00e7\u00f5es p\u00fablicas.\u00a0 Al\u00e9m disso, um especialista do Sebrae ensina como operar os procedimentos de an\u00e1lise de risco antes de participar de uma licita\u00e7\u00e3o p\u00fablica; fala sobre as inova\u00e7\u00f5es jur\u00eddicas e empate ficto; a modalidade \u201cConvite\u201d; o preg\u00e3o presencial com cota de 25%; e d\u00e1 dicas sobre portais de compras dispon\u00edveis para fazer o cadastro e participar de certames.<\/p>\n<p class=\"leftText\">J\u00e1 os servidores aprender\u00e3o sobre a prepara\u00e7\u00e3o para a licita\u00e7\u00e3o; o preg\u00e3o presencial com cota de 25% e as pol\u00edticas p\u00fablicas inovadoras que s\u00e3o desenvolvidas atualmente para gerar um ecossistema sustent\u00e1vel e favor\u00e1vel \u00e0 atua\u00e7\u00e3o dos pequenos neg\u00f3cios, com gera\u00e7\u00e3o maior de emprego e renda.<\/p>\n<p class=\"leftText\"><strong>Servi\u00e7o<\/strong><\/p>\n<p class=\"leftText\">Curso de Compras Governamentais<\/p>\n<p class=\"leftText\">Data: 01 a 05 de agosto<\/p>\n<p class=\"leftText\">Local: Prefeitura Municipal (Av. Manoel Rodrigues da Cruz, 481, Centro)<\/p>\n<p class=\"leftText\">Hor\u00e1rio: 13 \u00e0s 18 horas (servidores p\u00fablicos); 19 \u00e0s 22 horas (empres\u00e1rios)<\/p>\n<p class=\"leftText\">Inscri\u00e7\u00f5es e informa\u00e7\u00f5es: (67) 3248-1040 (Z\u00e9 Geraldo \/ Ildo)<\/p>\n<p class=\"leftText\">Investimento: Gratuito<\/p>\n<\/div>\n<p class=\"leftText\">\n<p class=\"leftText\">\n<p class=\"leftText\">Sebrae<\/p>\n","protected":false},"excerpt":{"rendered":"<p>O Sebrae\/MS realiza de 01 a 05 de agosto, em Para\u00edso das \u00c1guas, o curso \u201cCompras Governamentais\u201d, que tem como p\u00fablico tanto empres\u00e1rios da regi\u00e3o quanto servidores p\u00fablicos ligados a compras de bens e servi\u00e7os para \u00f3rg\u00e3os p\u00fablicos. A capacita\u00e7\u00e3o ser\u00e1 realizada na Prefeitura Municipal (Av. Manoel Rodrigues da Cruz, 481, Centro), que apoia a [&hellip;]<\/p>\n","protected":false},"author":4,"featured_media":32030,"comment_status":"closed","ping_status":"closed","sticky":false,"template":"","format":"standard","meta":{"footnotes":""},"categories":[36],"tags":[],"class_list":["post-32029","post","type-post","status-publish","format-standard","has-post-thumbnail","hentry","category-paraiso-das-aguas"],"_links":{"self":[{"href":"https:\/\/www.ocorreionews.com.br\/acervo-correio\/index.php?rest_route=\/wp\/v2\/posts\/32029","targetHints":{"allow":["GET"]}}],"collection":[{"href":"https:\/\/www.ocorreionews.com.br\/acervo-correio\/index.php?rest_route=\/wp\/v2\/posts"}],"about":[{"href":"https:\/\/www.ocorreionews.com.br\/acervo-correio\/index.php?rest_route=\/wp\/v2\/types\/post"}],"author":[{"embeddable":true,"href":"https:\/\/www.ocorreionews.com.br\/acervo-correio\/index.php?rest_route=\/wp\/v2\/users\/4"}],"replies":[{"embeddable":true,"href":"https:\/\/www.ocorreionews.com.br\/acervo-correio\/index.php?rest_route=%2Fwp%2Fv2%2Fcomments&post=32029"}],"version-history":[{"count":0,"href":"https:\/\/www.ocorreionews.com.br\/acervo-correio\/index.php?rest_route=\/wp\/v2\/posts\/32029\/revisions"}],"wp:featuredmedia":[{"embeddable":true,"href":"https:\/\/www.ocorreionews.com.br\/acervo-correio\/index.php?rest_route=\/wp\/v2\/media\/32030"}],"wp:attachment":[{"href":"https:\/\/www.ocorreionews.com.br\/acervo-correio\/index.php?rest_route=%2Fwp%2Fv2%2Fmedia&parent=32029"}],"wp:term":[{"taxonomy":"category","embeddable":true,"href":"https:\/\/www.ocorreionews.com.br\/acervo-correio\/index.php?rest_route=%2Fwp%2Fv2%2Fcategories&post=32029"},{"taxonomy":"post_tag","embeddable":true,"href":"https:\/\/www.ocorreionews.com.br\/acervo-correio\/index.php?rest_route=%2Fwp%2Fv2%2Ftags&post=32029"}],"curies":[{"name":"wp","href":"https:\/\/api.w.org\/{rel}","templated":true}]}}