{"id":32033,"date":"2016-07-21T13:25:53","date_gmt":"2016-07-21T17:25:53","guid":{"rendered":"https:\/\/ocorreionews.com.br\/?p=32033"},"modified":"2016-07-21T13:25:53","modified_gmt":"2016-07-21T17:25:53","slug":"caes-ficam-feridos-em-ataque-a-porco-espinho","status":"publish","type":"post","link":"https:\/\/www.ocorreionews.com.br\/acervo-correio\/?p=32033","title":{"rendered":"C\u00e3es ficam feridos em ataque a porco espinho"},"content":{"rendered":"<p>Quatro c\u00e3es de guarda das ra\u00e7as Rottweiler, Pastor Alem\u00e3o, Box e Fila se deram mal ap\u00f3s atacarem um porco-espinho ou ouri\u00e7o cacheiro, na noite desta quarta-feira (20), nas depend\u00eancias da Metal\u00fargica Rio Sul, nas margens da BR-163, em Coxim.<\/p>\n<div id=\"attachment_48182\" class=\"wp-caption aligncenter\">\n<figure id=\"attachment_48182\" aria-describedby=\"caption-attachment-48182\" style=\"width: 728px\" class=\"wp-caption aligncenter\"><a href=\"http:\/\/www.coximagora.com.br\/wp-content\/uploads\/2016\/07\/DSC_0326.jpg\"><img loading=\"lazy\" decoding=\"async\" class=\"wp-image-48182 size-full\" src=\"http:\/\/www.coximagora.com.br\/wp-content\/uploads\/2016\/07\/DSC_0326.jpg\" sizes=\"auto, (max-width: 728px) 100vw, 728px\" srcset=\"http:\/\/www.coximagora.com.br\/wp-content\/uploads\/2016\/07\/DSC_0326.jpg 728w, http:\/\/www.coximagora.com.br\/wp-content\/uploads\/2016\/07\/DSC_0326-300x214.jpg 300w\" alt=\"Nem mesmo a cadela Shayene que havia dado cria escapou dos espinhos do porco espinho. (Foto: Maikon Leal)\" width=\"728\" height=\"519\" \/><\/a><figcaption id=\"caption-attachment-48182\" class=\"wp-caption-text\">Nem mesmo a cadela Shayene que havia dado cria escapou dos espinhos do porco espinho. (Foto: Maikon Leal)<\/figcaption><\/figure>\n<p class=\"wp-caption-text\">\n<\/div>\n<p>Os animais ficaram com os focinhos, patas, peitos, l\u00ednguas e c\u00e9u da boa completamente cheios de espinhos ap\u00f3s avan\u00e7arem no porco-espinho que n\u00e3o foi localizado.<\/p>\n<p>O propriet\u00e1rio informou a nossa reportagem que saiu de casa \u00e1s 20 horas e quando retornou por volta de 23 horas se deparou com os c\u00e3es Paloma, Shayene, Tayson e Max no port\u00e3o do estabelecimento, no entanto, esperou amanhecer para acionar o m\u00e9dico veterin\u00e1rio Ant\u00f4nio Carvalho Junior (Tunico).<\/p>\n<div id=\"attachment_48183\" class=\"wp-caption aligncenter\">\n<figure id=\"attachment_48183\" aria-describedby=\"caption-attachment-48183\" style=\"width: 728px\" class=\"wp-caption aligncenter\"><a href=\"http:\/\/www.coximagora.com.br\/wp-content\/uploads\/2016\/07\/DSC_0373.jpg\"><img loading=\"lazy\" decoding=\"async\" class=\"wp-image-48183 size-full\" src=\"http:\/\/www.coximagora.com.br\/wp-content\/uploads\/2016\/07\/DSC_0373.jpg\" sizes=\"auto, (max-width: 728px) 100vw, 728px\" srcset=\"http:\/\/www.coximagora.com.br\/wp-content\/uploads\/2016\/07\/DSC_0373.jpg 728w, http:\/\/www.coximagora.com.br\/wp-content\/uploads\/2016\/07\/DSC_0373-300x199.jpg 300w\" alt=\"Animais foram sedados para que os espinhos pudessem ser removidos. (Foto: Maikon Leal)\" width=\"728\" height=\"484\" \/><\/a><figcaption id=\"caption-attachment-48183\" class=\"wp-caption-text\">Animais foram sedados para que os espinhos pudessem ser removidos. (Foto: Maikon Leal)<\/figcaption><\/figure>\n<p class=\"wp-caption-text\">\n<\/div>\n<p>No in\u00edcio da manh\u00e3 desta quinta-feira (21), Tunico foi at\u00e9 o local e anestesiou os animais, em seguida retirou os espinhos que mediam at\u00e9 8 cm. Ap\u00f3s o procedimento de retirada, os c\u00e3es foram medicados com anti-inflamat\u00f3rio e passam bem.<\/p>\n<p>De acordo com Tunico, os casos de c\u00e3es feridos em ataques a esses animais em \u00e1reas pr\u00f3ximas a cidade, \u00e9 decorr\u00eancia da a\u00e7\u00e3o do homem que interfere no seu habitat natural, principalmente com queimadas, e desmatamento.<\/p>\n<p><strong>Outro caso \u2013<\/strong>\u00a0N\u00e3o \u00e9 o primeiro caso registrado no munic\u00edpio, no dia 20 de agosto de 2012, o veterin\u00e1rio atendeu um c\u00e3o da ra\u00e7a Pit Bull que foi atacado por um porco-espinho em uma oficina de motos, nas margens da BR-163, em Coxim.<\/p>\n<p>O propriet\u00e1rio do animal disse que foi informado do ataque por um vizinho e encaminhou o cachorro para ser atendido. Segundo o veterin\u00e1rio, Ant\u00f4nio Carvalho Junior, os espinhos mediam entre 5 e 10 cm e foi necess\u00e1rio sedar o animal.<\/p>\n<p>O cachorro \u00e9 um dos guardas do estabelecimento e j\u00e1 impediu a entrada de v\u00e1rios outros animais no local, como cobras e um tatu, explicou o dono.<\/p>\n<p><a href=\"https:\/\/ocorreionews.com.br\/wp-content\/uploads\/2016\/07\/cachorro-atacado-porco-espinho-2.jpg\"><img loading=\"lazy\" decoding=\"async\" class=\"alignnone wp-image-32034 size-full\" src=\"https:\/\/ocorreionews.com.br\/wp-content\/uploads\/2016\/07\/cachorro-atacado-porco-espinho-2.jpg\" alt=\"cachorro atacado porco espinho 2\" width=\"728\" height=\"484\" srcset=\"https:\/\/www.ocorreionews.com.br\/acervo-correio\/wp-content\/uploads\/2016\/07\/cachorro-atacado-porco-espinho-2.jpg 728w, https:\/\/www.ocorreionews.com.br\/acervo-correio\/wp-content\/uploads\/2016\/07\/cachorro-atacado-porco-espinho-2-300x199.jpg 300w\" sizes=\"auto, (max-width: 728px) 100vw, 728px\" \/><\/a><\/p>\n<p><a href=\"https:\/\/ocorreionews.com.br\/wp-content\/uploads\/2016\/07\/espinhos-porco.jpg\"><img loading=\"lazy\" decoding=\"async\" class=\"alignnone wp-image-32036 size-full\" src=\"https:\/\/ocorreionews.com.br\/wp-content\/uploads\/2016\/07\/espinhos-porco.jpg\" alt=\"espinhos porco\" width=\"728\" height=\"464\" srcset=\"https:\/\/www.ocorreionews.com.br\/acervo-correio\/wp-content\/uploads\/2016\/07\/espinhos-porco.jpg 728w, https:\/\/www.ocorreionews.com.br\/acervo-correio\/wp-content\/uploads\/2016\/07\/espinhos-porco-300x191.jpg 300w, https:\/\/www.ocorreionews.com.br\/acervo-correio\/wp-content\/uploads\/2016\/07\/espinhos-porco-171x108.jpg 171w\" sizes=\"auto, (max-width: 728px) 100vw, 728px\" \/><\/a><\/p>\n<p>&nbsp;<\/p>\n<p>Coxim Agora<\/p>\n","protected":false},"excerpt":{"rendered":"<p>Quatro c\u00e3es de guarda das ra\u00e7as Rottweiler, Pastor Alem\u00e3o, Box e Fila se deram mal ap\u00f3s atacarem um porco-espinho ou ouri\u00e7o cacheiro, na noite desta quarta-feira (20), nas depend\u00eancias da Metal\u00fargica Rio Sul, nas margens da BR-163, em Coxim. Os animais ficaram com os focinhos, patas, peitos, l\u00ednguas e c\u00e9u da boa completamente cheios de [&hellip;]<\/p>\n","protected":false},"author":4,"featured_media":32035,"comment_status":"closed","ping_status":"closed","sticky":false,"template":"","format":"standard","meta":{"footnotes":""},"categories":[38],"tags":[],"class_list":["post-32033","post","type-post","status-publish","format-standard","has-post-thumbnail","hentry","category-policia"],"_links":{"self":[{"href":"https:\/\/www.ocorreionews.com.br\/acervo-correio\/index.php?rest_route=\/wp\/v2\/posts\/32033","targetHints":{"allow":["GET"]}}],"collection":[{"href":"https:\/\/www.ocorreionews.com.br\/acervo-correio\/index.php?rest_route=\/wp\/v2\/posts"}],"about":[{"href":"https:\/\/www.ocorreionews.com.br\/acervo-correio\/index.php?rest_route=\/wp\/v2\/types\/post"}],"author":[{"embeddable":true,"href":"https:\/\/www.ocorreionews.com.br\/acervo-correio\/index.php?rest_route=\/wp\/v2\/users\/4"}],"replies":[{"embeddable":true,"href":"https:\/\/www.ocorreionews.com.br\/acervo-correio\/index.php?rest_route=%2Fwp%2Fv2%2Fcomments&post=32033"}],"version-history":[{"count":0,"href":"https:\/\/www.ocorreionews.com.br\/acervo-correio\/index.php?rest_route=\/wp\/v2\/posts\/32033\/revisions"}],"wp:featuredmedia":[{"embeddable":true,"href":"https:\/\/www.ocorreionews.com.br\/acervo-correio\/index.php?rest_route=\/wp\/v2\/media\/32035"}],"wp:attachment":[{"href":"https:\/\/www.ocorreionews.com.br\/acervo-correio\/index.php?rest_route=%2Fwp%2Fv2%2Fmedia&parent=32033"}],"wp:term":[{"taxonomy":"category","embeddable":true,"href":"https:\/\/www.ocorreionews.com.br\/acervo-correio\/index.php?rest_route=%2Fwp%2Fv2%2Fcategories&post=32033"},{"taxonomy":"post_tag","embeddable":true,"href":"https:\/\/www.ocorreionews.com.br\/acervo-correio\/index.php?rest_route=%2Fwp%2Fv2%2Ftags&post=32033"}],"curies":[{"name":"wp","href":"https:\/\/api.w.org\/{rel}","templated":true}]}}