{"id":32038,"date":"2016-07-21T13:10:39","date_gmt":"2016-07-21T17:10:39","guid":{"rendered":"https:\/\/ocorreionews.com.br\/?p=32038"},"modified":"2016-07-21T13:30:23","modified_gmt":"2016-07-21T17:30:23","slug":"pf-prende-grupo-que-preparava-atos-de-terrorismo-na-olimpiada","status":"publish","type":"post","link":"https:\/\/www.ocorreionews.com.br\/acervo-correio\/?p=32038","title":{"rendered":"PF prende grupo que preparava atos de terrorismo na Olimp\u00edada"},"content":{"rendered":"<p>A Pol\u00edcia Federal prendeu nesta quinta-feira (21) um grupo que preparava atos de terrorismo no Brasil em uma opera\u00e7\u00e3o deflagrada a 15 dias da abertura da Olimp\u00edada do Rio de Janeiro. Em entrevista coletiva, em Bras\u00edlia, o ministro da Justi\u00e7a, Alexandre de Moraes, informou que 10 pessoas foram presas e outras duas est\u00e3o sendo rastreadas. Dos dez, h\u00e1 a confirma\u00e7\u00e3o que um\u00a0seja\u00a0menor de idade.<\/p>\n<p>Foram expedidos 12 mandados de pris\u00e3o tempor\u00e1ria por 30 dias podendo ser prorrogados por mais 30, em 10 estados do pa\u00eds, incluindo S\u00e3o Paulo. O l\u00edder do grupo est\u00e1 preso no Paran\u00e1.<\/p>\n<p>\u201cDe simples coment\u00e1rios sobre o Estado Isl\u00e2mico, eles passaram para atos preparat\u00f3rios. A partir do momento em que\u00a0passaram para atos preparat\u00f3rios, foi feita prontamente a atua\u00e7\u00e3o do Governo Federal realizando simultaneamente as 10 pris\u00f5es desses supostos terroristas, que se comunicavam pela internet\u201d, informou o ministro da Justi\u00e7a. &#8220;Dois dos presos j\u00e1 foram condenados e cumpriam pena por seis anos por homic\u00eddio\u201d, acrescentou Alexandre de Moraes.<\/p>\n<p>&#8220;Eles s\u00f3 come\u00e7aram atos preparat\u00f3rios, n\u00e3o seria de bom senso aguardar para ver. O melhor seria decretar a pris\u00e3o&#8221;, afirmou.<\/p>\n<h3>Atentados pr\u00e9-Olimp\u00edada<\/h3>\n<p>A opera\u00e7\u00e3o, com nome &#8220;Hashtag&#8221; monitorou os suspeitos pela internet, via Whatsapp e Telegram. Segundo o ministro, caso um atentado acontecesse, ele seria feito com tiros e n\u00e3o com bomba.<\/p>\n<p>\u201cEles citam como atirar com\u00a0AK-47. Eles n\u00e3o aprofundam a quest\u00e3o de execu\u00e7\u00e3o, mas obviamente seria tiro [<em>um poss\u00edvel atentado<\/em>]. Em nenhum momento, at\u00e9\u00a0pelo o\u00a0que foi apurado, eles falam em bomba. A quest\u00e3o \u00e9 com armas\u201d.<\/p>\n<div>Segundo o ministro, n\u00e3o houve trocas de mensagem com pessoas ligadas ao Estado Isl\u00e2mico. &#8220;O grupo n\u00e3o se conhecia e agia de forma amadora&#8221;, acrescenta Moraes.<\/div>\n<div><\/div>\n<div>&#8220;\u00c9 uma c\u00e9lula amadora, sem nenhum preparo, falando &#8216;vamos treinar&#8217;. Nenhuma c\u00e9lula organizada ia procurar comprar arma pela internet. \u00c9 uma\u00a0c\u00e9lula desorganizada. Por isso que insisto e reitero a quest\u00e3o de seguran\u00e7a nacional \u00e9 muito mais importante do que terrorismo, gera mais preocupa\u00e7\u00e3o que o terrorismo. N\u00e3o podemos ignorar, verificando que cada um individualmente, em grupo, levaria a crer que jamais realizaria ato competente de terrorismo&#8221;, justificou.<\/div>\n<div><\/div>\n<h3>Compra de armas pela Internet<\/h3>\n<div>Intercepta\u00e7\u00f5es feitas pela Pol\u00edcia Federal teriam descoberto que\u00a0esses indiv\u00edduos presos receberam ordens para treinar\u00a0luta e manuseio de armas. As armas para um ato terrorista\u00a0<a href=\"http:\/\/olimpiadas.uol.com.br\/noticias\/redacao\/2016\/07\/21\/grupo-preso-fez-juramento-a-ei-e-tentou-comprar-armas-diz-ministro.htm\">seriam adquiridas no Paraguai<\/a>. N\u00e3o havia contato pessoal entre os brasileiros e membros do EI.<\/div>\n<div><\/div>\n<div>\u201cUm deles entrou em contato com site de armas clandestinas no Paraguai para [adquirir] uma AK-47. Mostra um ato preparat\u00f3rio, n\u00e3o h\u00e1 informa\u00e7\u00e3o que tenha conseguido\u201d, informou Moraes. E acrescentou: \u201cN\u00e3o sa\u00edram do pa\u00eds para contato pessoal, mas a partir desse juramento do Estado Isl\u00e2mico, atos preparat\u00f3rios come\u00e7aram a ser realizados, como treinamentos para artes marciais, treinos para muni\u00e7\u00e3o, para que eles pudessem realizar atos espec\u00edficos\u201d.<\/div>\n<div><\/div>\n<div>A a\u00e7\u00e3o da PF ocorre dias ap\u00f3s o servi\u00e7o internacional de intelig\u00eancia Site, especializado no combate ao terrorismo, informar que um suposto grupo militante intitulado Ansar al-Khilafah Brazil declarou apoio ao movimento jihadista Estado Isl\u00e2mico em publica\u00e7\u00e3o em um aplicativo de mensagens e promoveu propaganda jihadistas em ingl\u00eas e portugu\u00eas.<\/div>\n<div><\/div>\n<div>Um jihadista apoiador do Estado Isl\u00e2mico denominado Ismail Abdul Jabbar al-Brazili enviou mensagens em portugu\u00eas pelo servi\u00e7o Telegram repetindo discurso de um porta-voz oficial do grupo militante, al\u00e9m de outras mensagens.<\/div>\n<p>A revista \u00c9poca revelou que o roteiro dos terroristas envolvidos nos atentados \u00e9 semelhante ao dos casos em Orlando, nos Estados Unidos, e Paris, na Fran\u00e7a. Eles foram recrutados pela internet e juraram lealdade ao Estado Isl\u00e2mico.<\/p>\n<p>A Ag\u00eancia Brasileira de Intelig\u00eancia (Abin) j\u00e1 havia confirmado no m\u00eas passado que equipes de intelig\u00eancia que atuam pr\u00f3ximas ao plano de seguran\u00e7a dos Jogos do Rio tinham detectado a abertura de uma conta em portugu\u00eas no Telegram para a troca de informa\u00e7\u00f5es sobre o Estado Isl\u00e2mico, mas as autoridades vinham garantindo que n\u00e3o havia sido detectada qualquer amea\u00e7a de ataque ao pa\u00eds.<\/p>\n<p>Os mandados de pris\u00e3o desta quinta-feira foram emitidos com base nos artigos 3\u00ba e 5\u00ba da Lei 13.260, de 16 de mar\u00e7o de 2016, que trata sobre o terrorismo e o classifica como crime:<\/p>\n<p>Art. 3\u00ba: &#8220;Promover, constituir, integrar ou prestar aux\u00edlio, pessoalmente ou por interposta pessoa, a organiza\u00e7\u00e3o terrorista&#8221; e art. 5\u00ba: Realizar atos preparat\u00f3rios de terrorismo com o prop\u00f3sito inequ\u00edvoco de consumar tal delito&#8221;., assim os suspeitos poderiam ser enquadrados pela Justi\u00e7a Federal no artigo que prev\u00ea atos preparat\u00f3rios.<\/p>\n<h3>A nota oficial da pris\u00e3o pela PF do Paran\u00e1<\/h3>\n<p><em>O Ju\u00edzo da 14\u00aa Vara Federal de Curitiba, por meio da Se\u00e7\u00e3o de Comunica\u00e7\u00e3o Social Da Se\u00e7\u00e3o Judici\u00e1ria do Paran\u00e1, esclarece que:<\/em><\/p>\n<p><em>A Opera\u00e7\u00e3o &#8220;Hashtag&#8221;, deflagrada pela Pol\u00edcia Federal na manh\u00e3 desta quinta-feira (21\/7), investiga poss\u00edvel participa\u00e7\u00e3o de brasileiros em organiza\u00e7\u00e3o criminosa de alcance internacional, como uma c\u00e9lula do Estado Isl\u00e2mico no pa\u00eds. Foram expedidos 12 mandados de pris\u00e3o tempor\u00e1ria por 30 dias podendo ser prorrogados por mais 30.<\/em><\/p>\n<p><em>Informa\u00e7\u00f5es obtidas, dentre outras, a partir das quebras de sigilo de dados e telef\u00f4nicos, revelaram ind\u00edcios de que os investigados preconizam a intoler\u00e2ncia racial, de g\u00eanero e religiosa, bem como o uso de armas e t\u00e1ticas de guerrilha para alcan\u00e7ar seus objetivos.<\/em><\/p>\n<p><em>Os artigos 3\u00ba e 5\u00ba da Lei 13.260, de 16 de mar\u00e7o de 2016, que disciplina o terrorismo prev\u00eaem como crime:<\/em><\/p>\n<p><em>Art. 3\u00ba: &#8220;Promover, constituir, integrar ou prestar aux\u00edlio, pessoalmente ou por interposta pessoa, a organiza\u00e7\u00e3o terrorista&#8221; e art. 5\u00ba: Realizar atos preparat\u00f3rios de terrorismo com o prop\u00f3sito inequ\u00edvoco de consumar tal delito&#8221;.<\/em><\/p>\n<p><em>Para assegurar o \u00eaxito da Opera\u00e7\u00e3o e eventual realiza\u00e7\u00e3o de novas fases, os nomes dos presos, atualmente sob cust\u00f3dia da Pol\u00edcia Federal, n\u00e3o ser\u00e3o divulgados neste momento. O processo tramita em segredo de Justi\u00e7a.<\/em><\/p>\n<p>&nbsp;<\/p>\n<p>&nbsp;<\/p>\n<p>&nbsp;<\/p>\n<p>UOL<\/p>\n","protected":false},"excerpt":{"rendered":"<p>A Pol\u00edcia Federal prendeu nesta quinta-feira (21) um grupo que preparava atos de terrorismo no Brasil em uma opera\u00e7\u00e3o deflagrada a 15 dias da abertura da Olimp\u00edada do Rio de Janeiro. Em entrevista coletiva, em Bras\u00edlia, o ministro da Justi\u00e7a, Alexandre de Moraes, informou que 10 pessoas foram presas e outras duas est\u00e3o sendo rastreadas. [&hellip;]<\/p>\n","protected":false},"author":4,"featured_media":32039,"comment_status":"closed","ping_status":"closed","sticky":false,"template":"","format":"standard","meta":{"footnotes":""},"categories":[33,38],"tags":[],"class_list":["post-32038","post","type-post","status-publish","format-standard","has-post-thumbnail","hentry","category-mundo","category-policia"],"_links":{"self":[{"href":"https:\/\/www.ocorreionews.com.br\/acervo-correio\/index.php?rest_route=\/wp\/v2\/posts\/32038","targetHints":{"allow":["GET"]}}],"collection":[{"href":"https:\/\/www.ocorreionews.com.br\/acervo-correio\/index.php?rest_route=\/wp\/v2\/posts"}],"about":[{"href":"https:\/\/www.ocorreionews.com.br\/acervo-correio\/index.php?rest_route=\/wp\/v2\/types\/post"}],"author":[{"embeddable":true,"href":"https:\/\/www.ocorreionews.com.br\/acervo-correio\/index.php?rest_route=\/wp\/v2\/users\/4"}],"replies":[{"embeddable":true,"href":"https:\/\/www.ocorreionews.com.br\/acervo-correio\/index.php?rest_route=%2Fwp%2Fv2%2Fcomments&post=32038"}],"version-history":[{"count":0,"href":"https:\/\/www.ocorreionews.com.br\/acervo-correio\/index.php?rest_route=\/wp\/v2\/posts\/32038\/revisions"}],"wp:featuredmedia":[{"embeddable":true,"href":"https:\/\/www.ocorreionews.com.br\/acervo-correio\/index.php?rest_route=\/wp\/v2\/media\/32039"}],"wp:attachment":[{"href":"https:\/\/www.ocorreionews.com.br\/acervo-correio\/index.php?rest_route=%2Fwp%2Fv2%2Fmedia&parent=32038"}],"wp:term":[{"taxonomy":"category","embeddable":true,"href":"https:\/\/www.ocorreionews.com.br\/acervo-correio\/index.php?rest_route=%2Fwp%2Fv2%2Fcategories&post=32038"},{"taxonomy":"post_tag","embeddable":true,"href":"https:\/\/www.ocorreionews.com.br\/acervo-correio\/index.php?rest_route=%2Fwp%2Fv2%2Ftags&post=32038"}],"curies":[{"name":"wp","href":"https:\/\/api.w.org\/{rel}","templated":true}]}}