{"id":32048,"date":"2016-07-21T14:46:27","date_gmt":"2016-07-21T18:46:27","guid":{"rendered":"https:\/\/ocorreionews.com.br\/?p=32048"},"modified":"2016-07-22T07:05:58","modified_gmt":"2016-07-22T11:05:58","slug":"prefeito-de-cassilandia-marcelo-pelarin-desiste-de-ser-candidato","status":"publish","type":"post","link":"https:\/\/www.ocorreionews.com.br\/acervo-correio\/?p=32048","title":{"rendered":"Prefeito de Cassil\u00e2ndia Marcelo Pelarin desiste de ser candidato"},"content":{"rendered":"<p>Segundo informa\u00e7\u00f5es do site cassilandianews, o prefeito municipal de Cassil\u00e2ndia, Marcelo Pelarin, desistiu da sua candidatura a prefeito do munic\u00edpio.<\/p>\n<p>A confirma\u00e7\u00e3o da sua desist\u00eancia, ocorreu no in\u00edcio dessa semana, assim que ele retornou de sua viagem, onde foi taxativo ao afirmar que \u201cN\u00e3o\u201d ser\u00e1 candidato.<\/p>\n<p>Pelarin, justificou que precisa\u00a0 retornar ao comando de sua empresa. \u201cVou trabalhar at\u00e9 o \u00faltimo dia do meu mandato. Pelarin era vice de Carlos Augusto que foi cassado no ano passado.<\/p>\n","protected":false},"excerpt":{"rendered":"<p>Segundo informa\u00e7\u00f5es do site cassilandianews, o prefeito municipal de Cassil\u00e2ndia, Marcelo Pelarin, desistiu da sua candidatura a prefeito do munic\u00edpio. A confirma\u00e7\u00e3o da sua desist\u00eancia, ocorreu no in\u00edcio dessa semana, assim que ele retornou de sua viagem, onde foi taxativo ao afirmar que \u201cN\u00e3o\u201d ser\u00e1 candidato. Pelarin, justificou que precisa\u00a0 retornar ao comando de sua [&hellip;]<\/p>\n","protected":false},"author":4,"featured_media":30582,"comment_status":"closed","ping_status":"closed","sticky":false,"template":"","format":"standard","meta":{"footnotes":""},"categories":[21],"tags":[],"class_list":["post-32048","post","type-post","status-publish","format-standard","has-post-thumbnail","hentry","category-cassilandia"],"_links":{"self":[{"href":"https:\/\/www.ocorreionews.com.br\/acervo-correio\/index.php?rest_route=\/wp\/v2\/posts\/32048","targetHints":{"allow":["GET"]}}],"collection":[{"href":"https:\/\/www.ocorreionews.com.br\/acervo-correio\/index.php?rest_route=\/wp\/v2\/posts"}],"about":[{"href":"https:\/\/www.ocorreionews.com.br\/acervo-correio\/index.php?rest_route=\/wp\/v2\/types\/post"}],"author":[{"embeddable":true,"href":"https:\/\/www.ocorreionews.com.br\/acervo-correio\/index.php?rest_route=\/wp\/v2\/users\/4"}],"replies":[{"embeddable":true,"href":"https:\/\/www.ocorreionews.com.br\/acervo-correio\/index.php?rest_route=%2Fwp%2Fv2%2Fcomments&post=32048"}],"version-history":[{"count":0,"href":"https:\/\/www.ocorreionews.com.br\/acervo-correio\/index.php?rest_route=\/wp\/v2\/posts\/32048\/revisions"}],"wp:featuredmedia":[{"embeddable":true,"href":"https:\/\/www.ocorreionews.com.br\/acervo-correio\/index.php?rest_route=\/wp\/v2\/media\/30582"}],"wp:attachment":[{"href":"https:\/\/www.ocorreionews.com.br\/acervo-correio\/index.php?rest_route=%2Fwp%2Fv2%2Fmedia&parent=32048"}],"wp:term":[{"taxonomy":"category","embeddable":true,"href":"https:\/\/www.ocorreionews.com.br\/acervo-correio\/index.php?rest_route=%2Fwp%2Fv2%2Fcategories&post=32048"},{"taxonomy":"post_tag","embeddable":true,"href":"https:\/\/www.ocorreionews.com.br\/acervo-correio\/index.php?rest_route=%2Fwp%2Fv2%2Ftags&post=32048"}],"curies":[{"name":"wp","href":"https:\/\/api.w.org\/{rel}","templated":true}]}}