{"id":32050,"date":"2016-07-21T15:30:09","date_gmt":"2016-07-21T19:30:09","guid":{"rendered":"https:\/\/ocorreionews.com.br\/?p=32050"},"modified":"2016-07-21T16:35:02","modified_gmt":"2016-07-21T20:35:02","slug":"edital-de-convocacao-de-convencao-do-ptn","status":"publish","type":"post","link":"https:\/\/www.ocorreionews.com.br\/acervo-correio\/?p=32050","title":{"rendered":"Edital de Convoca\u00e7\u00e3o de Conven\u00e7\u00e3o do PTN"},"content":{"rendered":"<p>O Partido do PTN- atrav\u00e9s do presidente da Comiss\u00e3o provis\u00f3ria Municipal, convoca seus membros da comiss\u00e3o provis\u00f3ria municipal, para participarem da Conven\u00e7\u00e3o Municipal do Partido, que ser\u00e1 realizado no dia 30 de julho.<\/p>\n<p>Veja abaixo o edital na Integra<\/p>\n<p><a href=\"https:\/\/ocorreionews.com.br\/wp-content\/uploads\/2016\/07\/EDITAL-PTN.jpg\"><img loading=\"lazy\" decoding=\"async\" class=\"alignnone wp-image-32051 \" src=\"https:\/\/ocorreionews.com.br\/wp-content\/uploads\/2016\/07\/EDITAL-PTN.jpg\" alt=\"EDITAL-PTN\" width=\"440\" height=\"632\" srcset=\"https:\/\/www.ocorreionews.com.br\/acervo-correio\/wp-content\/uploads\/2016\/07\/EDITAL-PTN.jpg 556w, https:\/\/www.ocorreionews.com.br\/acervo-correio\/wp-content\/uploads\/2016\/07\/EDITAL-PTN-209x300.jpg 209w\" sizes=\"auto, (max-width: 440px) 100vw, 440px\" \/><\/a><\/p>\n","protected":false},"excerpt":{"rendered":"<p>O Partido do PTN- atrav\u00e9s do presidente da Comiss\u00e3o provis\u00f3ria Municipal, convoca seus membros da comiss\u00e3o provis\u00f3ria municipal, para participarem da Conven\u00e7\u00e3o Municipal do Partido, que ser\u00e1 realizado no dia 30 de julho. Veja abaixo o edital na Integra<\/p>\n","protected":false},"author":4,"featured_media":32052,"comment_status":"closed","ping_status":"closed","sticky":false,"template":"","format":"standard","meta":{"footnotes":""},"categories":[23,37],"tags":[],"class_list":["post-32050","post","type-post","status-publish","format-standard","has-post-thumbnail","hentry","category-chapadao-do-sul","category-politica"],"_links":{"self":[{"href":"https:\/\/www.ocorreionews.com.br\/acervo-correio\/index.php?rest_route=\/wp\/v2\/posts\/32050","targetHints":{"allow":["GET"]}}],"collection":[{"href":"https:\/\/www.ocorreionews.com.br\/acervo-correio\/index.php?rest_route=\/wp\/v2\/posts"}],"about":[{"href":"https:\/\/www.ocorreionews.com.br\/acervo-correio\/index.php?rest_route=\/wp\/v2\/types\/post"}],"author":[{"embeddable":true,"href":"https:\/\/www.ocorreionews.com.br\/acervo-correio\/index.php?rest_route=\/wp\/v2\/users\/4"}],"replies":[{"embeddable":true,"href":"https:\/\/www.ocorreionews.com.br\/acervo-correio\/index.php?rest_route=%2Fwp%2Fv2%2Fcomments&post=32050"}],"version-history":[{"count":0,"href":"https:\/\/www.ocorreionews.com.br\/acervo-correio\/index.php?rest_route=\/wp\/v2\/posts\/32050\/revisions"}],"wp:featuredmedia":[{"embeddable":true,"href":"https:\/\/www.ocorreionews.com.br\/acervo-correio\/index.php?rest_route=\/wp\/v2\/media\/32052"}],"wp:attachment":[{"href":"https:\/\/www.ocorreionews.com.br\/acervo-correio\/index.php?rest_route=%2Fwp%2Fv2%2Fmedia&parent=32050"}],"wp:term":[{"taxonomy":"category","embeddable":true,"href":"https:\/\/www.ocorreionews.com.br\/acervo-correio\/index.php?rest_route=%2Fwp%2Fv2%2Fcategories&post=32050"},{"taxonomy":"post_tag","embeddable":true,"href":"https:\/\/www.ocorreionews.com.br\/acervo-correio\/index.php?rest_route=%2Fwp%2Fv2%2Ftags&post=32050"}],"curies":[{"name":"wp","href":"https:\/\/api.w.org\/{rel}","templated":true}]}}