{"id":32099,"date":"2016-07-22T10:15:36","date_gmt":"2016-07-22T14:15:36","guid":{"rendered":"https:\/\/ocorreionews.com.br\/?p=32099"},"modified":"2016-07-22T10:15:36","modified_gmt":"2016-07-22T14:15:36","slug":"edital-de-convocacao-do-partido-social-democratico-psd","status":"publish","type":"post","link":"https:\/\/www.ocorreionews.com.br\/acervo-correio\/?p=32099","title":{"rendered":"Edital de Convoca\u00e7\u00e3o do Partido Social Democr\u00e1tico (PSD)"},"content":{"rendered":"<p><strong>EDITAL DE CONVOCA\u00c7\u00c3O DE CONVEN\u00c7\u00c3O MUNICIPAL<\/strong><\/p>\n<p>O Presidente da Comiss\u00e3o Provis\u00f3ria Municipal do Partido Social Democr\u00e1tico &#8211; PSD, do Munic\u00edpio de Chapad\u00e3o do Sul, no uso das atribui\u00e7\u00f4es que lhe confere o Estatuto, convoca os membros da Comiss\u00e3o Provis\u00f3ria Municipal de Chapad\u00e3o do Sul &#8211; MS, os Filiados, para a CONVEN\u00c7\u00c3O MUNICIPAL DO PSD, a realizar-se no dia 30 de Julho do corrente ano, iniciando-se \u00e0s 13:00 horas e encerrando-se \u00e0s 14:00 horas, na C\u00e2mara Municipal de Vereadores, sito na Rua Dezoito, n\u00ba 758, centro, Chapad\u00e3o do Sul, MS, para deliberar sobre a seguinte <strong>ORDEM DO DIA<\/strong>:<\/p>\n<p>1) as propostas de celebra\u00e7\u00e3o de coliga\u00e7\u00f5es partid\u00e1rias com outros partidos pol\u00edticos, para os cargos majorit\u00e1rios e proporcionais nas elei\u00e7\u00f5es municipais de 2 de outubro de 2016;<\/p>\n<p>2) a denomina\u00e7\u00e3o das respectivas coliga\u00e7\u00f5es partid\u00e1rias;<\/p>\n<p>3) a escolha e designa\u00e7\u00e3o de representante para cada coliga\u00e7\u00e3o partid\u00e1ria com atribui\u00e7\u00f5es de presidente de partido, para tratar dos seus interesses perante a Justi\u00e7a Eleitoral;<\/p>\n<p>4) a escolha e homologa\u00e7\u00e3o dos nomes dos seus candidatos \u00e0s elei\u00e7\u00f5es majorit\u00e1rias e proporcionais;<\/p>\n<p>5) sorteio dos n\u00fameros com os quais os candidatos concorrer\u00e3o;<\/p>\n<p>6) preenchimento de vagas remanescentes;<\/p>\n<p>7) limite de gastos de campanha; e<\/p>\n<p>8) outros assuntos de interesse partid\u00e1rio e eleitoral.<\/p>\n<p>Chapad\u00e3o do Sul (MS), 22 de Julho de 2016.<\/p>\n<p>&nbsp;<\/p>\n<p><strong>OL\u00cdRIO ALBARELLO<\/strong><strong><br \/>\n<\/strong>Presidente da Comiss\u00e3o Provis\u00f3ria Municipal<\/p>\n","protected":false},"excerpt":{"rendered":"<p>EDITAL DE CONVOCA\u00c7\u00c3O DE CONVEN\u00c7\u00c3O MUNICIPAL O Presidente da Comiss\u00e3o Provis\u00f3ria Municipal do Partido Social Democr\u00e1tico &#8211; PSD, do Munic\u00edpio de Chapad\u00e3o do Sul, no uso das atribui\u00e7\u00f4es que lhe confere o Estatuto, convoca os membros da Comiss\u00e3o Provis\u00f3ria Municipal de Chapad\u00e3o do Sul &#8211; MS, os Filiados, para a CONVEN\u00c7\u00c3O MUNICIPAL DO PSD, a [&hellip;]<\/p>\n","protected":false},"author":4,"featured_media":32100,"comment_status":"closed","ping_status":"closed","sticky":false,"template":"","format":"standard","meta":{"footnotes":""},"categories":[23],"tags":[],"class_list":["post-32099","post","type-post","status-publish","format-standard","has-post-thumbnail","hentry","category-chapadao-do-sul"],"_links":{"self":[{"href":"https:\/\/www.ocorreionews.com.br\/acervo-correio\/index.php?rest_route=\/wp\/v2\/posts\/32099","targetHints":{"allow":["GET"]}}],"collection":[{"href":"https:\/\/www.ocorreionews.com.br\/acervo-correio\/index.php?rest_route=\/wp\/v2\/posts"}],"about":[{"href":"https:\/\/www.ocorreionews.com.br\/acervo-correio\/index.php?rest_route=\/wp\/v2\/types\/post"}],"author":[{"embeddable":true,"href":"https:\/\/www.ocorreionews.com.br\/acervo-correio\/index.php?rest_route=\/wp\/v2\/users\/4"}],"replies":[{"embeddable":true,"href":"https:\/\/www.ocorreionews.com.br\/acervo-correio\/index.php?rest_route=%2Fwp%2Fv2%2Fcomments&post=32099"}],"version-history":[{"count":0,"href":"https:\/\/www.ocorreionews.com.br\/acervo-correio\/index.php?rest_route=\/wp\/v2\/posts\/32099\/revisions"}],"wp:featuredmedia":[{"embeddable":true,"href":"https:\/\/www.ocorreionews.com.br\/acervo-correio\/index.php?rest_route=\/wp\/v2\/media\/32100"}],"wp:attachment":[{"href":"https:\/\/www.ocorreionews.com.br\/acervo-correio\/index.php?rest_route=%2Fwp%2Fv2%2Fmedia&parent=32099"}],"wp:term":[{"taxonomy":"category","embeddable":true,"href":"https:\/\/www.ocorreionews.com.br\/acervo-correio\/index.php?rest_route=%2Fwp%2Fv2%2Fcategories&post=32099"},{"taxonomy":"post_tag","embeddable":true,"href":"https:\/\/www.ocorreionews.com.br\/acervo-correio\/index.php?rest_route=%2Fwp%2Fv2%2Ftags&post=32099"}],"curies":[{"name":"wp","href":"https:\/\/api.w.org\/{rel}","templated":true}]}}