{"id":32102,"date":"2016-07-22T10:28:13","date_gmt":"2016-07-22T14:28:13","guid":{"rendered":"https:\/\/ocorreionews.com.br\/?p=32102"},"modified":"2016-07-22T10:31:16","modified_gmt":"2016-07-22T14:31:16","slug":"32102","status":"publish","type":"post","link":"https:\/\/www.ocorreionews.com.br\/acervo-correio\/?p=32102","title":{"rendered":"Edital de Convoca\u00e7\u00e3o do PSB"},"content":{"rendered":"<p>O Presidente da Comiss\u00e3o executiva\u00a0 do Partido Social Brasileiro \u2013 PSB, do Munic\u00edpio de Chapad\u00e3o do Sul, o, convoca os, os Filiados, para a CONVEN\u00c7\u00c3O MUNICIPAL DO PSB, a realizar-se no dia 30 de Julho do corrente ano.<\/p>\n<p>Veja abaixo o edital<\/p>\n<p><a href=\"https:\/\/ocorreionews.com.br\/wp-content\/uploads\/2016\/07\/PSB-Elidio-Mariani.png\"><img loading=\"lazy\" decoding=\"async\" class=\"alignnone wp-image-32103 size-full\" src=\"https:\/\/ocorreionews.com.br\/wp-content\/uploads\/2016\/07\/PSB-Elidio-Mariani.png\" alt=\"PSB Elidio Mariani\" width=\"531\" height=\"740\" srcset=\"https:\/\/www.ocorreionews.com.br\/acervo-correio\/wp-content\/uploads\/2016\/07\/PSB-Elidio-Mariani.png 531w, https:\/\/www.ocorreionews.com.br\/acervo-correio\/wp-content\/uploads\/2016\/07\/PSB-Elidio-Mariani-215x300.png 215w\" sizes=\"auto, (max-width: 531px) 100vw, 531px\" \/><\/a><\/p>\n","protected":false},"excerpt":{"rendered":"<p>O Presidente da Comiss\u00e3o executiva\u00a0 do Partido Social Brasileiro \u2013 PSB, do Munic\u00edpio de Chapad\u00e3o do Sul, o, convoca os, os Filiados, para a CONVEN\u00c7\u00c3O MUNICIPAL DO PSB, a realizar-se no dia 30 de Julho do corrente ano. Veja abaixo o edital<\/p>\n","protected":false},"author":4,"featured_media":32104,"comment_status":"closed","ping_status":"closed","sticky":false,"template":"","format":"standard","meta":{"footnotes":""},"categories":[23,37],"tags":[],"class_list":["post-32102","post","type-post","status-publish","format-standard","has-post-thumbnail","hentry","category-chapadao-do-sul","category-politica"],"_links":{"self":[{"href":"https:\/\/www.ocorreionews.com.br\/acervo-correio\/index.php?rest_route=\/wp\/v2\/posts\/32102","targetHints":{"allow":["GET"]}}],"collection":[{"href":"https:\/\/www.ocorreionews.com.br\/acervo-correio\/index.php?rest_route=\/wp\/v2\/posts"}],"about":[{"href":"https:\/\/www.ocorreionews.com.br\/acervo-correio\/index.php?rest_route=\/wp\/v2\/types\/post"}],"author":[{"embeddable":true,"href":"https:\/\/www.ocorreionews.com.br\/acervo-correio\/index.php?rest_route=\/wp\/v2\/users\/4"}],"replies":[{"embeddable":true,"href":"https:\/\/www.ocorreionews.com.br\/acervo-correio\/index.php?rest_route=%2Fwp%2Fv2%2Fcomments&post=32102"}],"version-history":[{"count":0,"href":"https:\/\/www.ocorreionews.com.br\/acervo-correio\/index.php?rest_route=\/wp\/v2\/posts\/32102\/revisions"}],"wp:featuredmedia":[{"embeddable":true,"href":"https:\/\/www.ocorreionews.com.br\/acervo-correio\/index.php?rest_route=\/wp\/v2\/media\/32104"}],"wp:attachment":[{"href":"https:\/\/www.ocorreionews.com.br\/acervo-correio\/index.php?rest_route=%2Fwp%2Fv2%2Fmedia&parent=32102"}],"wp:term":[{"taxonomy":"category","embeddable":true,"href":"https:\/\/www.ocorreionews.com.br\/acervo-correio\/index.php?rest_route=%2Fwp%2Fv2%2Fcategories&post=32102"},{"taxonomy":"post_tag","embeddable":true,"href":"https:\/\/www.ocorreionews.com.br\/acervo-correio\/index.php?rest_route=%2Fwp%2Fv2%2Ftags&post=32102"}],"curies":[{"name":"wp","href":"https:\/\/api.w.org\/{rel}","templated":true}]}}