{"id":32109,"date":"2016-07-22T13:10:42","date_gmt":"2016-07-22T17:10:42","guid":{"rendered":"https:\/\/ocorreionews.com.br\/?p=32109"},"modified":"2016-07-22T13:14:36","modified_gmt":"2016-07-22T17:14:36","slug":"edital-de-convocacao-do-psdb","status":"publish","type":"post","link":"https:\/\/www.ocorreionews.com.br\/acervo-correio\/?p=32109","title":{"rendered":"Edital de Convoca\u00e7\u00e3o do PSDB"},"content":{"rendered":"<p>O Presidente da Comiss\u00e3o Executiva Municipal do PSDB , do munic\u00edpio de Chapad\u00e3o do Sul, MS, na forma que disp\u00f5em os artigos 12, 19 e 30 do Estatuto Partid\u00e1rio e legisla\u00e7\u00e3o eleitoral vigente, convoca os Convencionais com direito a voto<\/p>\n<p><a href=\"https:\/\/ocorreionews.com.br\/wp-content\/uploads\/2016\/07\/edital-convoca\u00e7\u00e3o-PSDB-Conven\u00e7\u00e3o-Municipal-digtalizadas.jpg\"><img loading=\"lazy\" decoding=\"async\" class=\"alignnone wp-image-32110 \" src=\"https:\/\/ocorreionews.com.br\/wp-content\/uploads\/2016\/07\/edital-convoca\u00e7\u00e3o-PSDB-Conven\u00e7\u00e3o-Municipal-digtalizadas.jpg\" alt=\"edital convoca\u00e7\u00e3o PSDB Conven\u00e7\u00e3o Municipal digtalizadas\" width=\"621\" height=\"613\" srcset=\"https:\/\/www.ocorreionews.com.br\/acervo-correio\/wp-content\/uploads\/2016\/07\/edital-convoca\u00e7\u00e3o-PSDB-Conven\u00e7\u00e3o-Municipal-digtalizadas.jpg 474w, https:\/\/www.ocorreionews.com.br\/acervo-correio\/wp-content\/uploads\/2016\/07\/edital-convoca\u00e7\u00e3o-PSDB-Conven\u00e7\u00e3o-Municipal-digtalizadas-300x296.jpg 300w\" sizes=\"auto, (max-width: 621px) 100vw, 621px\" \/><\/a><\/p>\n","protected":false},"excerpt":{"rendered":"<p>O Presidente da Comiss\u00e3o Executiva Municipal do PSDB , do munic\u00edpio de Chapad\u00e3o do Sul, MS, na forma que disp\u00f5em os artigos 12, 19 e 30 do Estatuto Partid\u00e1rio e legisla\u00e7\u00e3o eleitoral vigente, convoca os Convencionais com direito a voto<\/p>\n","protected":false},"author":4,"featured_media":32112,"comment_status":"closed","ping_status":"closed","sticky":false,"template":"","format":"standard","meta":{"footnotes":""},"categories":[23],"tags":[],"class_list":["post-32109","post","type-post","status-publish","format-standard","has-post-thumbnail","hentry","category-chapadao-do-sul"],"_links":{"self":[{"href":"https:\/\/www.ocorreionews.com.br\/acervo-correio\/index.php?rest_route=\/wp\/v2\/posts\/32109","targetHints":{"allow":["GET"]}}],"collection":[{"href":"https:\/\/www.ocorreionews.com.br\/acervo-correio\/index.php?rest_route=\/wp\/v2\/posts"}],"about":[{"href":"https:\/\/www.ocorreionews.com.br\/acervo-correio\/index.php?rest_route=\/wp\/v2\/types\/post"}],"author":[{"embeddable":true,"href":"https:\/\/www.ocorreionews.com.br\/acervo-correio\/index.php?rest_route=\/wp\/v2\/users\/4"}],"replies":[{"embeddable":true,"href":"https:\/\/www.ocorreionews.com.br\/acervo-correio\/index.php?rest_route=%2Fwp%2Fv2%2Fcomments&post=32109"}],"version-history":[{"count":0,"href":"https:\/\/www.ocorreionews.com.br\/acervo-correio\/index.php?rest_route=\/wp\/v2\/posts\/32109\/revisions"}],"wp:featuredmedia":[{"embeddable":true,"href":"https:\/\/www.ocorreionews.com.br\/acervo-correio\/index.php?rest_route=\/wp\/v2\/media\/32112"}],"wp:attachment":[{"href":"https:\/\/www.ocorreionews.com.br\/acervo-correio\/index.php?rest_route=%2Fwp%2Fv2%2Fmedia&parent=32109"}],"wp:term":[{"taxonomy":"category","embeddable":true,"href":"https:\/\/www.ocorreionews.com.br\/acervo-correio\/index.php?rest_route=%2Fwp%2Fv2%2Fcategories&post=32109"},{"taxonomy":"post_tag","embeddable":true,"href":"https:\/\/www.ocorreionews.com.br\/acervo-correio\/index.php?rest_route=%2Fwp%2Fv2%2Ftags&post=32109"}],"curies":[{"name":"wp","href":"https:\/\/api.w.org\/{rel}","templated":true}]}}