{"id":32115,"date":"2016-07-22T16:09:48","date_gmt":"2016-07-22T20:09:48","guid":{"rendered":"https:\/\/ocorreionews.com.br\/?p=32115"},"modified":"2016-07-22T16:09:48","modified_gmt":"2016-07-22T20:09:48","slug":"campo-grandense-esta-entre-presos-em-acao-contra-terrorismo-nas-olimpiadas","status":"publish","type":"post","link":"https:\/\/www.ocorreionews.com.br\/acervo-correio\/?p=32115","title":{"rendered":"Campo-grandense est\u00e1 entre presos em a\u00e7\u00e3o contra terrorismo nas Olimp\u00edadas"},"content":{"rendered":"<p>Um dos 10\u00a0detidos por suspeita de atividade terrorista na Opera\u00e7\u00e3o Hashtag \u00e9 descendente de fam\u00edlia libanesa e nasceu em Campo Grande (MS). Eles foram\u00a0transferidos na madrugada desta sexta-feira (22) para o Pres\u00eddio Federal da capital\u00a0sul-mato-grossense.<\/p>\n<div id=\"view-mm-noticias-saiba-mais-view-display-id-saiba_mais_right_block\" class=\"view view-mm-noticias-saiba-mais view-id-mm_noticias_saiba_mais view-display-id-saiba_mais_right_block saiba-mais-right view-dom-id-b04ba635af079650d80e3ab9700b5961\">\n<div class=\"view-header\">Saiba Mais<\/div>\n<div class=\"view-content\">\n<div class=\"views-row views-row-1 views-row-odd views-row-first\">\n<div class=\"views-field views-field-title\"><span class=\"field-content\"><a href=\"http:\/\/www.midiamax.com.br\/policia\/presos-pela-pf-terrorismo-foram-trazidos-presidio-federal-capital-308898\">Presos por terrorismo foram trazidos para o pres\u00eddio federal da Capital<\/a><\/span><\/div>\n<\/div>\n<div class=\"views-row views-row-2 views-row-even\">\n<div class=\"views-field views-field-title\"><span class=\"field-content\"><a href=\"http:\/\/www.midiamax.com.br\/brasil\/grupo-exaltava-terrorismo-negociava-compra-fuzil-afirma-juiz-308894\">Grupo exaltava terrorismo e negociava compra de fuzil, afirma juiz<\/a><\/span><\/div>\n<\/div>\n<div class=\"views-row views-row-3 views-row-odd views-row-last\">\n<div class=\"views-field views-field-title\"><span class=\"field-content\"><a href=\"http:\/\/www.midiamax.com.br\/brasil\/prisao-suspeitos-terrorismo-teve-ajuda-varios-paises-ministro-308882\">Pris\u00e3o de suspeitos de terrorismo teve ajuda de v\u00e1rios pa\u00edses, diz ministro<\/a><\/span><\/div>\n<\/div>\n<\/div>\n<\/div>\n<p>O estudante de engenharia mec\u00e2nica Leonid El Kadri vive em Campos de J\u00falio (MT)\u00a0e j\u00e1 cumpriu pena de 18 anos e oito meses por homic\u00eddio e roubo qualificado na Justi\u00e7a de Tocantins. Atualmente, segundo\u00a0perfis que ele mantinha\u00a0nas redes sociais, trabalhava como mec\u00e2nico agr\u00f4nomo na empresa Agropecu\u00e1ria Moroc\u00f3, e est\u00e1 divorciado.<\/p>\n<p>De acordo com informa\u00e7\u00f5es do pr\u00f3prio Leonid em sua antiga conta no Orkut, ele \u00e9 neto\u00a0de libaneses. \u201cMeu sobrenome remota do meu av\u00f4, Mohamad Abdul Hamid El Kadri, natural de Hafid &#8211; L\u00edbado\u201d, diz o mec\u00e2nico em uma postagem\u00a0de 2008.<\/p>\n<p>Uma reportagem da revista <em>Veja <\/em>afirma que, nos grupos em que a suposta c\u00e9lula do Estado Isl\u00e2mico se articulava, ele utilizava o codinome \u2018Abu Khaled\u2019. Os grupos no Telegram e WhatsApp, de acordo com o ministro da Justi\u00e7a, Alexandre de Moraes, eram formados por pessoas que juraram lealdade \u00e0 organiza\u00e7\u00e3o jihadista utilizando a internet.<\/p>\n<p><span class=\"author\">Norberto Liberator 0 midimaxnews<br \/>\n<\/span><\/p>\n","protected":false},"excerpt":{"rendered":"<p>Um dos 10\u00a0detidos por suspeita de atividade terrorista na Opera\u00e7\u00e3o Hashtag \u00e9 descendente de fam\u00edlia libanesa e nasceu em Campo Grande (MS). Eles foram\u00a0transferidos na madrugada desta sexta-feira (22) para o Pres\u00eddio Federal da capital\u00a0sul-mato-grossense. Saiba Mais Presos por terrorismo foram trazidos para o pres\u00eddio federal da Capital Grupo exaltava terrorismo e negociava compra de [&hellip;]<\/p>\n","protected":false},"author":4,"featured_media":32116,"comment_status":"closed","ping_status":"closed","sticky":false,"template":"","format":"standard","meta":{"footnotes":""},"categories":[38],"tags":[],"class_list":["post-32115","post","type-post","status-publish","format-standard","has-post-thumbnail","hentry","category-policia"],"_links":{"self":[{"href":"https:\/\/www.ocorreionews.com.br\/acervo-correio\/index.php?rest_route=\/wp\/v2\/posts\/32115","targetHints":{"allow":["GET"]}}],"collection":[{"href":"https:\/\/www.ocorreionews.com.br\/acervo-correio\/index.php?rest_route=\/wp\/v2\/posts"}],"about":[{"href":"https:\/\/www.ocorreionews.com.br\/acervo-correio\/index.php?rest_route=\/wp\/v2\/types\/post"}],"author":[{"embeddable":true,"href":"https:\/\/www.ocorreionews.com.br\/acervo-correio\/index.php?rest_route=\/wp\/v2\/users\/4"}],"replies":[{"embeddable":true,"href":"https:\/\/www.ocorreionews.com.br\/acervo-correio\/index.php?rest_route=%2Fwp%2Fv2%2Fcomments&post=32115"}],"version-history":[{"count":0,"href":"https:\/\/www.ocorreionews.com.br\/acervo-correio\/index.php?rest_route=\/wp\/v2\/posts\/32115\/revisions"}],"wp:featuredmedia":[{"embeddable":true,"href":"https:\/\/www.ocorreionews.com.br\/acervo-correio\/index.php?rest_route=\/wp\/v2\/media\/32116"}],"wp:attachment":[{"href":"https:\/\/www.ocorreionews.com.br\/acervo-correio\/index.php?rest_route=%2Fwp%2Fv2%2Fmedia&parent=32115"}],"wp:term":[{"taxonomy":"category","embeddable":true,"href":"https:\/\/www.ocorreionews.com.br\/acervo-correio\/index.php?rest_route=%2Fwp%2Fv2%2Fcategories&post=32115"},{"taxonomy":"post_tag","embeddable":true,"href":"https:\/\/www.ocorreionews.com.br\/acervo-correio\/index.php?rest_route=%2Fwp%2Fv2%2Ftags&post=32115"}],"curies":[{"name":"wp","href":"https:\/\/api.w.org\/{rel}","templated":true}]}}