{"id":32118,"date":"2016-07-22T16:06:07","date_gmt":"2016-07-22T20:06:07","guid":{"rendered":"https:\/\/ocorreionews.com.br\/?p=32118"},"modified":"2016-07-22T16:14:06","modified_gmt":"2016-07-22T20:14:06","slug":"edital-de-convocacao-do-ptb","status":"publish","type":"post","link":"https:\/\/www.ocorreionews.com.br\/acervo-correio\/?p=32118","title":{"rendered":"edital de Convoca\u00e7\u00e3o do PTB"},"content":{"rendered":"<p><strong>Partido Trabalhista Brasileiro Comiss\u00e3o Provis\u00f3ria Municipal De Chapad\u00e3o Do Sul -Ms.<\/strong><\/p>\n<p><strong>EDITAL DE CONVOCA\u00c7\u00c3O DE CONVEN\u00c7\u00c3O MUNICIPAL<\/strong><\/p>\n<p>O Presidente da Comiss\u00e3o Provis\u00f3ria Municipal do Partido Trabalhista Brasileiro \u2013 PTB, do Munic\u00edpio de Chapad\u00e3o do Sul, no uso da atribui\u00e7\u00e3o que lhe confere o art. 67, al\u00ednea \u201cb\u201d, do Estatuto do PTB, convoca os membros da Comiss\u00e3o Provis\u00f3ria Municipal de Chapad\u00e3o do Sul &#8211; MS, os Filiados, para a CONVEN\u00c7\u00c3O MUNICIPAL DO PTB, a realizar-se no dia 30 de Julho do corrente ano, iniciando-se \u00e0s 12:00 horas e encerrando-se \u00e0s 13:00:00 horas, na C\u00e2mara Municipal de Vereadores, sito na Rua Dezoito, n\u00ba 758, centro, Chapad\u00e3o do Sul, MS, para deliberar sobre a seguinte <strong>ORDEM DO DIA<\/strong>:<\/p>\n<p>1) as propostas de celebra\u00e7\u00e3o de coliga\u00e7\u00f5es partid\u00e1rias com outros partidos pol\u00edticos, para os cargos majorit\u00e1rios e proporcionais nas elei\u00e7\u00f5es municipais de 2 de outubro de 2016;<\/p>\n<p>2) a denomina\u00e7\u00e3o das respectivas coliga\u00e7\u00f5es partid\u00e1rias;<\/p>\n<p>3) a escolha e designa\u00e7\u00e3o de representante para cada coliga\u00e7\u00e3o partid\u00e1ria com atribui\u00e7\u00f5es de presidente de partido, para tratar dos seus interesses perante a Justi\u00e7a Eleitoral;<\/p>\n<p>4) a escolha e homologa\u00e7\u00e3o dos nomes dos seus candidatos \u00e0s elei\u00e7\u00f5es majorit\u00e1rias e proporcionais;<\/p>\n<p>5) sorteio dos n\u00fameros com os quais os candidatos concorrer\u00e3o;<\/p>\n<p>6) preenchimento de vagas remanescentes;<\/p>\n<p>7) limite de gastos de campanha; e<\/p>\n<p>8) outros assuntos de interesse partid\u00e1rio e eleitoral.<\/p>\n<p>Chapad\u00e3o do Sul (MS), 22 de Julho de 2016.<\/p>\n<p><strong>FELIPE AUGUSTO SCORSATTO BATISTA<\/strong><strong><br \/>\n<\/strong>Presidente da Comiss\u00e3o Provis\u00f3ria Municipal<\/p>\n","protected":false},"excerpt":{"rendered":"<p>Partido Trabalhista Brasileiro Comiss\u00e3o Provis\u00f3ria Municipal De Chapad\u00e3o Do Sul -Ms. EDITAL DE CONVOCA\u00c7\u00c3O DE CONVEN\u00c7\u00c3O MUNICIPAL O Presidente da Comiss\u00e3o Provis\u00f3ria Municipal do Partido Trabalhista Brasileiro \u2013 PTB, do Munic\u00edpio de Chapad\u00e3o do Sul, no uso da atribui\u00e7\u00e3o que lhe confere o art. 67, al\u00ednea \u201cb\u201d, do Estatuto do PTB, convoca os membros da [&hellip;]<\/p>\n","protected":false},"author":4,"featured_media":32119,"comment_status":"closed","ping_status":"closed","sticky":false,"template":"","format":"standard","meta":{"footnotes":""},"categories":[23],"tags":[],"class_list":["post-32118","post","type-post","status-publish","format-standard","has-post-thumbnail","hentry","category-chapadao-do-sul"],"_links":{"self":[{"href":"https:\/\/www.ocorreionews.com.br\/acervo-correio\/index.php?rest_route=\/wp\/v2\/posts\/32118","targetHints":{"allow":["GET"]}}],"collection":[{"href":"https:\/\/www.ocorreionews.com.br\/acervo-correio\/index.php?rest_route=\/wp\/v2\/posts"}],"about":[{"href":"https:\/\/www.ocorreionews.com.br\/acervo-correio\/index.php?rest_route=\/wp\/v2\/types\/post"}],"author":[{"embeddable":true,"href":"https:\/\/www.ocorreionews.com.br\/acervo-correio\/index.php?rest_route=\/wp\/v2\/users\/4"}],"replies":[{"embeddable":true,"href":"https:\/\/www.ocorreionews.com.br\/acervo-correio\/index.php?rest_route=%2Fwp%2Fv2%2Fcomments&post=32118"}],"version-history":[{"count":0,"href":"https:\/\/www.ocorreionews.com.br\/acervo-correio\/index.php?rest_route=\/wp\/v2\/posts\/32118\/revisions"}],"wp:featuredmedia":[{"embeddable":true,"href":"https:\/\/www.ocorreionews.com.br\/acervo-correio\/index.php?rest_route=\/wp\/v2\/media\/32119"}],"wp:attachment":[{"href":"https:\/\/www.ocorreionews.com.br\/acervo-correio\/index.php?rest_route=%2Fwp%2Fv2%2Fmedia&parent=32118"}],"wp:term":[{"taxonomy":"category","embeddable":true,"href":"https:\/\/www.ocorreionews.com.br\/acervo-correio\/index.php?rest_route=%2Fwp%2Fv2%2Fcategories&post=32118"},{"taxonomy":"post_tag","embeddable":true,"href":"https:\/\/www.ocorreionews.com.br\/acervo-correio\/index.php?rest_route=%2Fwp%2Fv2%2Ftags&post=32118"}],"curies":[{"name":"wp","href":"https:\/\/api.w.org\/{rel}","templated":true}]}}