{"id":32123,"date":"2016-07-23T06:47:32","date_gmt":"2016-07-23T10:47:32","guid":{"rendered":"https:\/\/ocorreionews.com.br\/?p=32123"},"modified":"2016-07-23T06:47:32","modified_gmt":"2016-07-23T10:47:32","slug":"apore-go-policia-apreende-veiculo-com-500-quilos-de-maconha","status":"publish","type":"post","link":"https:\/\/www.ocorreionews.com.br\/acervo-correio\/?p=32123","title":{"rendered":"Apor\u00e9- GO- Pol\u00edcia apreende ve\u00edculo com 500 quilos de maconha"},"content":{"rendered":"<p>Nesta sexta-feira, (22\/07), por volta das 09h, a equipe do 2\u00ba BPMRv composta pelos sargentos Filho, Leidemar e cabo Vilela, durante realiza\u00e7\u00e3o de bloqueio na GO 180, Km 01, munic\u00edpio de Apor\u00e9 e abordagem a um ve\u00edculo I\/Ford Focus, ao solicitar os documentos ao condutor, este acelerou o carro em alta velocidade, empreendendo fuga.<br \/>\nDe imediato a equipe iniciou um acompanhamento, pela referida rodovia, posteriormente adentrando a GO 302, sendo encerrando nas proximidades do Km 107, em uma estrada vicinal, local em que os dois ocupantes, abandonaram o ve\u00edculo e empreenderam fuga por um matagal, onde est\u00e3o sendo realizadas buscas, mas at\u00e9 o momento sem \u00eaxito na localiza\u00e7\u00e3o dos autores.<\/p>\n<p><a href=\"https:\/\/ocorreionews.com.br\/wp-content\/uploads\/2016\/07\/droga-aproe2.jpg\"><img loading=\"lazy\" decoding=\"async\" class=\"alignnone size-medium wp-image-32125\" src=\"https:\/\/ocorreionews.com.br\/wp-content\/uploads\/2016\/07\/droga-aproe2-225x300.jpg\" alt=\"droga aproe2\" width=\"225\" height=\"300\" srcset=\"https:\/\/www.ocorreionews.com.br\/acervo-correio\/wp-content\/uploads\/2016\/07\/droga-aproe2-225x300.jpg 225w, https:\/\/www.ocorreionews.com.br\/acervo-correio\/wp-content\/uploads\/2016\/07\/droga-aproe2.jpg 720w\" sizes=\"auto, (max-width: 225px) 100vw, 225px\" \/><\/a><br \/>\nOs policiais encontraram no ve\u00edculo aproximadamente meia tonelada de maconha. Diante dos fatos, droga e ve\u00edculo foram encaminhados para a Delegacia de Itaj\u00e1-GO, para a realiza\u00e7\u00e3o dos procedimentos.<\/p>\n<p><a href=\"https:\/\/ocorreionews.com.br\/wp-content\/uploads\/2016\/07\/droga-aproe3.jpg\"><img loading=\"lazy\" decoding=\"async\" class=\"alignnone size-medium wp-image-32126\" src=\"https:\/\/ocorreionews.com.br\/wp-content\/uploads\/2016\/07\/droga-aproe3-300x180.jpg\" alt=\"droga aproe3\" width=\"300\" height=\"180\" srcset=\"https:\/\/www.ocorreionews.com.br\/acervo-correio\/wp-content\/uploads\/2016\/07\/droga-aproe3-300x180.jpg 300w, https:\/\/www.ocorreionews.com.br\/acervo-correio\/wp-content\/uploads\/2016\/07\/droga-aproe3-768x461.jpg 768w, https:\/\/www.ocorreionews.com.br\/acervo-correio\/wp-content\/uploads\/2016\/07\/droga-aproe3.jpg 960w\" sizes=\"auto, (max-width: 300px) 100vw, 300px\" \/><\/a><br \/>\nTexto: Cabo Carine Barsanulfo\/Se\u00e7\u00e3o de Comunica\u00e7\u00e3o Social do CPR<\/p>\n","protected":false},"excerpt":{"rendered":"<p>Nesta sexta-feira, (22\/07), por volta das 09h, a equipe do 2\u00ba BPMRv composta pelos sargentos Filho, Leidemar e cabo Vilela, durante realiza\u00e7\u00e3o de bloqueio na GO 180, Km 01, munic\u00edpio de Apor\u00e9 e abordagem a um ve\u00edculo I\/Ford Focus, ao solicitar os documentos ao condutor, este acelerou o carro em alta velocidade, empreendendo fuga. De [&hellip;]<\/p>\n","protected":false},"author":4,"featured_media":32124,"comment_status":"closed","ping_status":"closed","sticky":false,"template":"","format":"standard","meta":{"footnotes":""},"categories":[38],"tags":[],"class_list":["post-32123","post","type-post","status-publish","format-standard","has-post-thumbnail","hentry","category-policia"],"_links":{"self":[{"href":"https:\/\/www.ocorreionews.com.br\/acervo-correio\/index.php?rest_route=\/wp\/v2\/posts\/32123","targetHints":{"allow":["GET"]}}],"collection":[{"href":"https:\/\/www.ocorreionews.com.br\/acervo-correio\/index.php?rest_route=\/wp\/v2\/posts"}],"about":[{"href":"https:\/\/www.ocorreionews.com.br\/acervo-correio\/index.php?rest_route=\/wp\/v2\/types\/post"}],"author":[{"embeddable":true,"href":"https:\/\/www.ocorreionews.com.br\/acervo-correio\/index.php?rest_route=\/wp\/v2\/users\/4"}],"replies":[{"embeddable":true,"href":"https:\/\/www.ocorreionews.com.br\/acervo-correio\/index.php?rest_route=%2Fwp%2Fv2%2Fcomments&post=32123"}],"version-history":[{"count":0,"href":"https:\/\/www.ocorreionews.com.br\/acervo-correio\/index.php?rest_route=\/wp\/v2\/posts\/32123\/revisions"}],"wp:featuredmedia":[{"embeddable":true,"href":"https:\/\/www.ocorreionews.com.br\/acervo-correio\/index.php?rest_route=\/wp\/v2\/media\/32124"}],"wp:attachment":[{"href":"https:\/\/www.ocorreionews.com.br\/acervo-correio\/index.php?rest_route=%2Fwp%2Fv2%2Fmedia&parent=32123"}],"wp:term":[{"taxonomy":"category","embeddable":true,"href":"https:\/\/www.ocorreionews.com.br\/acervo-correio\/index.php?rest_route=%2Fwp%2Fv2%2Fcategories&post=32123"},{"taxonomy":"post_tag","embeddable":true,"href":"https:\/\/www.ocorreionews.com.br\/acervo-correio\/index.php?rest_route=%2Fwp%2Fv2%2Ftags&post=32123"}],"curies":[{"name":"wp","href":"https:\/\/api.w.org\/{rel}","templated":true}]}}